{"id":2118,"date":"2022-12-18T15:48:43","date_gmt":"2022-12-18T14:48:43","guid":{"rendered":"http:\/\/www.chez-prisc-chris.com\/blog\/?p=2118"},"modified":"2023-06-08T18:35:09","modified_gmt":"2023-06-08T16:35:09","slug":"12-proverbes-que-les-francais-utilisent-tout-le-temps","status":"publish","type":"post","link":"https:\/\/www.chez-prisc-chris.com\/blog\/12-proverbes-que-les-francais-utilisent-tout-le-temps\/","title":{"rendered":"8 proverbes que les Fran\u00e7ais utilisent tout le temps"},"content":{"rendered":"\n<p>Un proverbe est une phrase qui contient une forme de sagesse populaire, de philosophie de la vie. Parfois, les proverbes fran\u00e7ais seront identiques ou similaires dans ta langue, parfois ils seront tr\u00e8s surprenants. <\/p>\n\n\n\n<p>Les proverbes ne font pas partie du <a href=\"https:\/\/www.chez-prisc-chris.com\/blog\/le-verlan-la-langue-francaise-a-lenvers\/\" data-type=\"URL\" data-id=\"https:\/\/www.chez-prisc-chris.com\/blog\/le-verlan-la-langue-francaise-a-lenvers\/\" target=\"_blank\" rel=\"noreferrer noopener\">fran\u00e7ais familier<\/a>. Mais ce qui est s\u00fbr, c&rsquo;est qu&rsquo;ils sont fr\u00e9quemment employ\u00e9s dans la conversation de tous les jours. Alors si tu veux comprendre les Fran\u00e7ais, c&rsquo;est une bonne id\u00e9e de travailler un peu sur ces <a href=\"https:\/\/www.chez-prisc-chris.com\/blog\/commander-au-restaurant-en-france-12-phrases-essentielles-avec-explications-et-fichiers-sons\/\">phrases du quotidien<\/a>.<\/p>\n\n\n\n<h2 class=\"wp-block-heading\">Proverbes &amp; expressions idiomatiques<\/h2>\n\n\n\n<h3 class=\"wp-block-heading\">Les proverbes<\/h3>\n\n\n\n<p>D&rsquo;apr\u00e8s le <strong>dictionnaire<\/strong> <strong><em>Larousse<\/em><\/strong>, <strong>un proverbe<\/strong>, c&rsquo;est un <em>\u00ab\u00a0court \u00e9nonc\u00e9 exprimant un conseil populaire, une v\u00e9rit\u00e9 de bon sens ou une constatation empirique et qui est devenu d&rsquo;usage commun\u00a0\u00bb.<\/em> On parle aussi de <strong><em>dictons<\/em><\/strong> ou d&rsquo;<strong><em>adages<\/em><\/strong>, deux mots masculins. <\/p>\n\n\n\n<p><strong>Les proverbes<\/strong> ont bien souvent une <strong>origine tr\u00e8s ancienne<\/strong>. D&rsquo;origine populaire, ils ont \u00e9t\u00e9 v\u00e9hicul\u00e9s et nous sont parvenus par <strong>la tradition orale<\/strong>.<\/p>\n\n\n\n<p class=\"has-theme-palette-1-color has-text-color\"><strong><strong>EXEMPLE<\/strong><\/strong> : <em><strong>\u00ab\u00a0Tous les chemins m\u00e8nent \u00e0 Rome\u00a0\u00bb<\/strong><\/em>. <\/p>\n\n\n\n<p>Ce <strong>proverbe<\/strong> signifie qu&rsquo;il existe de nombreuses mani\u00e8res d&rsquo;atteindre son objectif m\u00eame si certains moyens peuvent \u00eatre plus longs et complexes que d&rsquo;autres . <em><strong>\u00ab\u00a0Tous les chemins m\u00e8nent \u00e0 Rome\u00a0\u00bb<\/strong><\/em> se dit dans de nombreuses langues :<\/p>\n\n\n\n<ul class=\"wp-block-list\">\n<li>En allemand : <strong><em>\u00ab\u00a0Alle Wege f\u00fchren nach Rom\u00a0\u00bb<\/em>.<\/strong><\/li>\n\n\n\n<li>En anglais : <em><strong>\u00ab\u00a0All roads lead to Rome\u00a0\u00bb.<\/strong><\/em><\/li>\n\n\n\n<li>En espagnol : <strong><em>\u00ab\u00a0Todos los caminos llevan a Roma\u00a0\u00bb.<\/em><\/strong><\/li>\n\n\n\n<li>En italien : <strong><em>\u00ab\u00a0Tutte le strade portano a Roma\u00a0\u00bb.<\/em><\/strong><\/li>\n<\/ul>\n\n\n<div class=\"wp-block-image\">\n<figure class=\"aligncenter size-large is-resized\"><img loading=\"lazy\" decoding=\"async\" src=\"http:\/\/www.chez-prisc-chris.com\/blog\/wp-content\/uploads\/2022\/12\/house-gac96b356f_1280-1024x682.jpg\" alt=\"Un proverbe fran\u00e7ais : &quot;Tous les chemins m\u00e8nent \u00e0 Rome&quot;.\" class=\"wp-image-2108\" width=\"429\" height=\"286\" srcset=\"https:\/\/www.chez-prisc-chris.com\/blog\/wp-content\/uploads\/2022\/12\/house-gac96b356f_1280-1024x682.jpg 1024w, https:\/\/www.chez-prisc-chris.com\/blog\/wp-content\/uploads\/2022\/12\/house-gac96b356f_1280-300x200.jpg 300w, https:\/\/www.chez-prisc-chris.com\/blog\/wp-content\/uploads\/2022\/12\/house-gac96b356f_1280-768x512.jpg 768w, https:\/\/www.chez-prisc-chris.com\/blog\/wp-content\/uploads\/2022\/12\/house-gac96b356f_1280.jpg 1280w\" sizes=\"auto, (max-width: 429px) 100vw, 429px\" \/><\/figure>\n<\/div>\n\n\n<p><strong><em>Pourquoi Rome ?<\/em><\/strong> Et bien, on peut comprendre<strong> la logique de ce proverbe<\/strong> si on se rappelle que <strong>Rome<\/strong> \u00e9tait la capitale de <strong>l&rsquo;Empire roman dans l&rsquo;Antiquit\u00e9<\/strong> et qu&rsquo;\u00e0 l&rsquo;\u00e9poque, les <strong>routes <\/strong>avaient vraiment \u00e9t\u00e9 construites pour <strong>mener \u00e0 Rome&#8230;<\/strong><\/p>\n\n\n\n<h2 class=\"wp-block-heading\">Les expressions idiomatiques<\/h2>\n\n\n\n<p><strong>Les <a href=\"https:\/\/www.chez-prisc-chris.com\/blog\/8-expressions-idiomatiques-francaises-avec-des-animaux\/\">expressions idiomatiques<\/a><\/strong> (aussi appel\u00e9es <strong><em>idiotismes<\/em><\/strong>) sont des groupes de mots qui <strong>ont voyag\u00e9 dans le temps <\/strong>avant de <strong>se fixer sous une forme sp\u00e9cifique<\/strong> qui aura du <strong>sens <\/strong>pour toute <strong>personne native<\/strong>&#8230;<strong> Mais<\/strong> <strong>pas forc\u00e9ment pour les \u00e9trangers<\/strong> ! <\/p>\n\n\n\n<p class=\"has-theme-palette-1-color has-text-color\"><strong>EXEMPLE<\/strong> : <em>\u00ab\u00a0Quand elle a appris l&rsquo;horrible nouvelle, <strong>elle est tomb\u00e9e dans les pommes\u00a0\u00bb<\/strong>.<\/em><\/p>\n\n\n\n<p><strong><em>Tomber dans les pommes<\/em><\/strong> est une <strong><a href=\"https:\/\/www.chez-prisc-chris.com\/blog\/bleu-blanc-rouge-colore-ton-francais-avec-des-expressions-idiomatiques\/\">expression idiomatique<\/a><\/strong> tr\u00e8s connue et que tous les Fran\u00e7ais vont utiliser couramment. Elle signifie <em><strong>s&rsquo;\u00e9vanouir, perdre connaissance.<\/strong> <\/em><\/p>\n\n\n<div class=\"wp-block-image\">\n<figure class=\"aligncenter size-large is-resized\"><img loading=\"lazy\" decoding=\"async\" src=\"http:\/\/www.chez-prisc-chris.com\/blog\/wp-content\/uploads\/2022\/12\/apples-g49a276014_1280-1024x682.jpg\" alt=\"Une expression idiomatique fran\u00e7aise : Tomber dans les pommes\" class=\"wp-image-2122\" width=\"464\" height=\"309\" srcset=\"https:\/\/www.chez-prisc-chris.com\/blog\/wp-content\/uploads\/2022\/12\/apples-g49a276014_1280-1024x682.jpg 1024w, https:\/\/www.chez-prisc-chris.com\/blog\/wp-content\/uploads\/2022\/12\/apples-g49a276014_1280-300x200.jpg 300w, https:\/\/www.chez-prisc-chris.com\/blog\/wp-content\/uploads\/2022\/12\/apples-g49a276014_1280-768x512.jpg 768w, https:\/\/www.chez-prisc-chris.com\/blog\/wp-content\/uploads\/2022\/12\/apples-g49a276014_1280.jpg 1280w\" sizes=\"auto, (max-width: 464px) 100vw, 464px\" \/><\/figure>\n<\/div>\n\n\n<p>D&rsquo;une certaine mani\u00e8re, on peut donc dire que <strong>proverbes et expressions idiomatiques <\/strong>font partie du <strong>patrimoine culturel et social du fran\u00e7ais<\/strong> parce qu&rsquo;ils ont <strong>travers\u00e9 les si\u00e8cles<\/strong> pour parvenir jusqu&rsquo;\u00e0 nous <strong>sous une forme<\/strong> qui sera g\u00e9n\u00e9ralement <strong>sp\u00e9cifique \u00e0 notre langue<\/strong> et bien souvent <strong>diff\u00e9rente dans la tienne.<\/strong> <\/p>\n\n\n\n<h2 class=\"wp-block-heading\">Petite s\u00e9lection de proverbes fran\u00e7ais tr\u00e8s populaires<\/h2>\n\n\n\n<h2 class=\"wp-block-heading has-theme-palette-1-color has-text-color\"><strong><strong>PROVERBE<\/strong> N\u00b01 &#8211; <\/strong><br><strong><em>\u00ab\u00a0L&rsquo;habit ne fait pas le moine\u00a0\u00bb<\/em><\/strong><\/h2>\n\n\n\n<div class=\"wp-block-columns is-layout-flex wp-container-core-columns-is-layout-9d6595d7 wp-block-columns-is-layout-flex\">\n<div class=\"wp-block-column is-layout-flow wp-block-column-is-layout-flow\">\n<figure class=\"wp-block-audio\"><audio controls src=\"http:\/\/www.chez-prisc-chris.com\/blog\/wp-content\/uploads\/2023\/01\/lhabit-ne-fait-pas.mp3\"><\/audio><\/figure>\n<\/div>\n\n\n\n<div class=\"wp-block-column is-layout-flow wp-block-column-is-layout-flow\"><\/div>\n\n\n\n<div class=\"wp-block-column is-layout-flow wp-block-column-is-layout-flow\"><\/div>\n<\/div>\n\n\n\n<p><strong>Ce proverbe<\/strong> rappelle qu&rsquo;<strong>il ne faut pas juger une personne d&rsquo;apr\u00e8s son apparence <\/strong>: un homme portant un habit de moine peut tr\u00e8s bien ne pas \u00eatre un moine ! <\/p>\n\n\n<div class=\"wp-block-image\">\n<figure class=\"aligncenter size-large is-resized\"><img loading=\"lazy\" decoding=\"async\" src=\"http:\/\/www.chez-prisc-chris.com\/blog\/wp-content\/uploads\/2022\/12\/monk-g79a12265a_1280-1024x691.jpg\" alt=\"Un proverbe fran\u00e7ais : L'habit ne fait pas le moine\" class=\"wp-image-2125\" width=\"459\" height=\"309\" srcset=\"https:\/\/www.chez-prisc-chris.com\/blog\/wp-content\/uploads\/2022\/12\/monk-g79a12265a_1280-1024x691.jpg 1024w, https:\/\/www.chez-prisc-chris.com\/blog\/wp-content\/uploads\/2022\/12\/monk-g79a12265a_1280-300x203.jpg 300w, https:\/\/www.chez-prisc-chris.com\/blog\/wp-content\/uploads\/2022\/12\/monk-g79a12265a_1280-768x518.jpg 768w, https:\/\/www.chez-prisc-chris.com\/blog\/wp-content\/uploads\/2022\/12\/monk-g79a12265a_1280.jpg 1280w\" sizes=\"auto, (max-width: 459px) 100vw, 459px\" \/><\/figure>\n<\/div>\n\n\n<p class=\"has-theme-palette-9-color has-text-color has-background\" style=\"background-color:#a75881\"><strong>EXEMPLE<\/strong> : <em>C&rsquo;\u00e9tait un jeune homme ch\u00e9tif qui semblait presque maladif. Rien ne laissait deviner qu&rsquo;il \u00e9tait ceinture noire de karat\u00e9&#8230; <strong>L&rsquo;habit ne fait pas le moine.<\/strong><\/em><br><\/p>\n\n\n\n<h2 class=\"wp-block-heading has-theme-palette-1-color has-text-color\"><strong><strong>PROVERBE<\/strong><\/strong> <strong>N\u00b02 &#8211; <\/strong><br><em><strong>\u00ab\u00a0Pierre qui roule n&rsquo;amasse pas mousse\u00a0\u00bb.<\/strong><\/em><\/h2>\n\n\n\n<div class=\"wp-block-columns is-layout-flex wp-container-core-columns-is-layout-9d6595d7 wp-block-columns-is-layout-flex\">\n<div class=\"wp-block-column is-layout-flow wp-block-column-is-layout-flow\">\n<figure class=\"wp-block-audio\"><audio controls src=\"http:\/\/www.chez-prisc-chris.com\/blog\/wp-content\/uploads\/2023\/01\/pierre-qui-roule-1.mp3\"><\/audio><\/figure>\n<\/div>\n\n\n\n<div class=\"wp-block-column is-layout-flow wp-block-column-is-layout-flow\"><\/div>\n\n\n\n<div class=\"wp-block-column is-layout-flow wp-block-column-is-layout-flow\"><\/div>\n<\/div>\n\n\n\n<p><strong>Ce proverbe<\/strong> <strong>critique<\/strong> les gens qui <strong>ne se fixent pas, qui changent tout le temps<\/strong> : de travail, de lieu de vie, de compagne\/compagnon&#8230; <strong>Pour construire quelque chose<\/strong>, pour acqu\u00e9rir des biens et des richesses, il faut \u00eatre <strong>stable et pers\u00e9v\u00e9rant<\/strong>. En tout cas, c&rsquo;est l&rsquo;id\u00e9e v\u00e9hicul\u00e9e par le proverbe.<\/p>\n\n\n\n<p class=\"has-theme-palette-9-color has-text-color has-background\" style=\"background-color:#a75881\"><em><strong>EXEMPLE<\/strong> : Ma fille vit de petits boulots alimentaires. Son but : gagner suffisamment d&rsquo;argent pour financer son prochain voyage. Apr\u00e8s 6 mois en Australie et 1 an en Indon\u00e9sie, elle est rentr\u00e9e en France pour pr\u00e9parer son tour de l&rsquo;Am\u00e9rique du sud. Je lui ai pourtant dit que <strong>Pierre qui roule n&rsquo;amasse pas mousse<\/strong>, elle ne m&rsquo;\u00e9coute pas !<\/em><br><\/p>\n\n\n\n<h2 class=\"wp-block-heading has-theme-palette-1-color has-text-color\"><strong>PROVERBE N\u00b03 &#8211;<\/strong><em><strong> <\/strong><\/em><br><em><strong>\u00ab\u00a0Au royaume des aveugles, les borgnes sont rois.\u00a0\u00bb<\/strong><\/em><\/h2>\n\n\n\n<div class=\"wp-block-columns is-layout-flex wp-container-core-columns-is-layout-9d6595d7 wp-block-columns-is-layout-flex\">\n<div class=\"wp-block-column is-layout-flow wp-block-column-is-layout-flow\">\n<figure class=\"wp-block-audio\"><audio controls src=\"http:\/\/www.chez-prisc-chris.com\/blog\/wp-content\/uploads\/2023\/01\/au-royaume-des-aveugles.mp3\"><\/audio><\/figure>\n<\/div>\n\n\n\n<div class=\"wp-block-column is-layout-flow wp-block-column-is-layout-flow\"><\/div>\n\n\n\n<div class=\"wp-block-column is-layout-flow wp-block-column-is-layout-flow\"><\/div>\n<\/div>\n\n\n\n<p>Si une personne est <strong>aveugle<\/strong>, c&rsquo;est qu&rsquo;elle <strong>souffre d&rsquo;un handicap<\/strong> : elle ne voit rien. Si elle est <strong>borgne<\/strong>, cela signifie qu&rsquo;elle <strong>a perdu la vision d&rsquo;un oeil<\/strong>. <strong>Ce proverbe<\/strong> veut dire que, dans un groupe de <strong>personnes m\u00e9diocres<\/strong>, celui qui sera <strong>moins m\u00e9diocre semblera brillant. <\/strong><\/p>\n\n\n\n<p class=\"has-theme-palette-9-color has-text-color has-background\" style=\"background-color:#a75881\"><em><strong>EXEMPLE<\/strong> : Trouver un plombier comp\u00e9tent et disponible quand vous en avez besoin, ce n&rsquo;est pas facile en France. Les deux derniers ont compl\u00e8tement ruin\u00e9 mon installation. Mon p\u00e8re m&rsquo;a propos\u00e9 de contacter le fils de sa voisine : d&rsquo;apr\u00e8s lui, ce n&rsquo;est pas une lumi\u00e8re mais il pourra r\u00e9parer ma fuite d&rsquo;eau. <strong>Au royaume des aveugles, les borgnes sont rois.<\/strong><\/em><br><\/p>\n\n\n\n<h2 class=\"wp-block-heading has-theme-palette-1-color has-text-color\"><strong>PROVERBE<\/strong> <strong>N\u00b04<\/strong> &#8211;<br><em>\u00ab\u00a0Qui s\u00e8me le vent, r\u00e9colte la temp\u00eate\u00a0\u00bb.<\/em><\/h2>\n\n\n\n<div class=\"wp-block-columns is-layout-flex wp-container-core-columns-is-layout-9d6595d7 wp-block-columns-is-layout-flex\">\n<div class=\"wp-block-column is-layout-flow wp-block-column-is-layout-flow\">\n<figure class=\"wp-block-audio\"><audio controls src=\"http:\/\/www.chez-prisc-chris.com\/blog\/wp-content\/uploads\/2023\/01\/qui-seme-le-vent.mp3\"><\/audio><\/figure>\n<\/div>\n\n\n\n<div class=\"wp-block-column is-layout-flow wp-block-column-is-layout-flow\"><\/div>\n\n\n\n<div class=\"wp-block-column is-layout-flow wp-block-column-is-layout-flow\"><\/div>\n<\/div>\n\n\n\n<p><strong>Ce proverbe<\/strong> signifie que quand on est <strong>\u00e0 l&rsquo;origine de petits probl\u00e8mes<\/strong>, il ne faut pas s&rsquo;\u00e9tonner de devoir ensuite <strong>affronter de gros soucis.<\/strong><\/p>\n\n\n\n<p class=\"has-theme-palette-9-color has-text-color has-background\" style=\"background-color:#a75881\"><em><strong>EXEMPLE<\/strong> : Je lui avais dit d&rsquo;essayer de se r\u00e9concilier avec son p\u00e8re. \u00c7a fait des ann\u00e9es qu&rsquo;ils sont en froid. Mais non, il a fallu qu&rsquo;il lui envoie cette lettre pleine de ressentiment et de reproches. Maintenant, il s&rsquo;est mis toute la famille \u00e0 dos et ses soeurs ne veulent plus entendre parler de lui. <\/em><strong><em>Qui s\u00e8me le vent r\u00e9colte la temp\u00eate.<\/em><\/strong><\/p>\n\n\n\n<p class=\"has-theme-palette-3-color has-text-color\"><\/p>\n\n\n<div class=\"wp-block-image\">\n<figure class=\"aligncenter size-large is-resized\"><img loading=\"lazy\" decoding=\"async\" src=\"http:\/\/www.chez-prisc-chris.com\/blog\/wp-content\/uploads\/2022\/12\/cat-g700a3528a_1280-1024x682.jpg\" alt=\"Un proverbe fran\u00e7ais : Les chiens ne font pas des chats\" class=\"wp-image-2128\" width=\"460\" height=\"306\" srcset=\"https:\/\/www.chez-prisc-chris.com\/blog\/wp-content\/uploads\/2022\/12\/cat-g700a3528a_1280-1024x682.jpg 1024w, https:\/\/www.chez-prisc-chris.com\/blog\/wp-content\/uploads\/2022\/12\/cat-g700a3528a_1280-300x200.jpg 300w, https:\/\/www.chez-prisc-chris.com\/blog\/wp-content\/uploads\/2022\/12\/cat-g700a3528a_1280-768x512.jpg 768w, https:\/\/www.chez-prisc-chris.com\/blog\/wp-content\/uploads\/2022\/12\/cat-g700a3528a_1280.jpg 1280w\" sizes=\"auto, (max-width: 460px) 100vw, 460px\" \/><\/figure>\n<\/div>\n\n\n<h2 class=\"wp-block-heading has-theme-palette-1-color has-text-color\"><br><strong>PROVERBE<\/strong> N\u00b05 &#8211;<br><em>\u00ab\u00a0Les chiens ne font pas des chats\u00a0\u00bb.<\/em><\/h2>\n\n\n\n<div class=\"wp-block-columns is-layout-flex wp-container-core-columns-is-layout-9d6595d7 wp-block-columns-is-layout-flex\">\n<div class=\"wp-block-column is-layout-flow wp-block-column-is-layout-flow\">\n<figure class=\"wp-block-audio\"><audio controls src=\"http:\/\/www.chez-prisc-chris.com\/blog\/wp-content\/uploads\/2023\/01\/les-chiens-ne-font-pas-des-chats.mp3\"><\/audio><\/figure>\n<\/div>\n\n\n\n<div class=\"wp-block-column is-layout-flow wp-block-column-is-layout-flow\"><\/div>\n\n\n\n<div class=\"wp-block-column is-layout-flow wp-block-column-is-layout-flow\"><\/div>\n<\/div>\n\n\n\n<p>Que les <strong>enfants ressemblent \u00e0 leurs parents<\/strong> par leur <strong>caract\u00e8re <\/strong>ou par leur <strong>physique<\/strong>, ce n&rsquo;est une surprise pour personne !<\/p>\n\n\n\n<p class=\"has-theme-palette-9-color has-text-color has-background\" style=\"background-color:#a75881\"><em><strong>EXEMPLE<\/strong> :<\/em> Laurence et son mari sont tous deux m\u00e9decins. Louis, leur fils, vient d&rsquo;entrer \u00e0 la fac de m\u00e9decine. C&rsquo;est un gar\u00e7on brillant&#8230; <strong><em>Les chiens ne font pas des chats !<\/em><\/strong><br><\/p>\n\n\n\n<h2 class=\"wp-block-heading has-theme-palette-1-color has-text-color\"><strong>PROVERBE<\/strong> N\u00b06<br><em>\u00ab\u00a0L&rsquo;enfer est pav\u00e9 de bonnes intentions\u00a0\u00bb.<\/em><\/h2>\n\n\n\n<div class=\"wp-block-columns is-layout-flex wp-container-core-columns-is-layout-9d6595d7 wp-block-columns-is-layout-flex\">\n<div class=\"wp-block-column is-layout-flow wp-block-column-is-layout-flow\">\n<figure class=\"wp-block-audio\"><audio controls src=\"http:\/\/www.chez-prisc-chris.com\/blog\/wp-content\/uploads\/2023\/01\/l_enfer-est-pave.mp3\"><\/audio><\/figure>\n<\/div>\n\n\n\n<div class=\"wp-block-column is-layout-flow wp-block-column-is-layout-flow\"><\/div>\n\n\n\n<div class=\"wp-block-column is-layout-flow wp-block-column-is-layout-flow\"><\/div>\n<\/div>\n\n\n\n<p><strong>Ce proverbe <\/strong>souligne l&rsquo;id\u00e9e qu&rsquo;<strong>il ne suffit pas d&rsquo;avoir de bonnes id\u00e9es, de bonnes intentions&#8230;<\/strong> Il faut \u00e9galement que le <strong>r\u00e9sultat soit positif et pas une catastrophe.<\/strong> <strong>Les rues de l&rsquo;enfer <\/strong>sont <strong>pav\u00e9es<\/strong> (sont recouvertes de pierre) et chaque pav\u00e9 \u00e9tait une bonne intention qui a mal abouti.<\/p>\n\n\n<div class=\"wp-block-image\">\n<figure class=\"aligncenter size-large is-resized\"><img loading=\"lazy\" decoding=\"async\" src=\"http:\/\/www.chez-prisc-chris.com\/blog\/wp-content\/uploads\/2022\/12\/old-gdd8be10b1_1280-1024x576.jpg\" alt=\"un proverbe fran\u00e7ais: L'enfer est pav\u00e9 de bonnes intentions.\" class=\"wp-image-2126\" width=\"531\" height=\"298\" srcset=\"https:\/\/www.chez-prisc-chris.com\/blog\/wp-content\/uploads\/2022\/12\/old-gdd8be10b1_1280-1024x576.jpg 1024w, https:\/\/www.chez-prisc-chris.com\/blog\/wp-content\/uploads\/2022\/12\/old-gdd8be10b1_1280-300x169.jpg 300w, https:\/\/www.chez-prisc-chris.com\/blog\/wp-content\/uploads\/2022\/12\/old-gdd8be10b1_1280-768x432.jpg 768w, https:\/\/www.chez-prisc-chris.com\/blog\/wp-content\/uploads\/2022\/12\/old-gdd8be10b1_1280.jpg 1280w\" sizes=\"auto, (max-width: 531px) 100vw, 531px\" \/><\/figure>\n<\/div>\n\n\n<p class=\"has-theme-palette-9-color has-text-color has-background\" style=\"background-color:#a75881\"><em><strong>EXEMPLE<\/strong> : Pour No\u00ebl, j&rsquo;ai offert \u00e0 ma ni\u00e8ce une petite guitare. Je me disais que ce serait peut-\u00eatre une bonne id\u00e9e pour qu&rsquo;elle d\u00e9veloppe ses talents artistiques. En fait, c&rsquo;est une catastrophe. Elle n&rsquo;arr\u00eate pas de gratter sur sa guitare, de r\u00e9p\u00e9ter en boucle les 3 m\u00eames accords&#8230; Elle nous rend fous ! Mais pourquoi ne lui ai-je pas offert une poup\u00e9e ? <strong>L&rsquo;enfer est pav\u00e9 de bonnes intentions<\/strong>, m&rsquo;a dit ma soeur.<\/em><br><\/p>\n\n\n\n<h2 class=\"wp-block-heading has-theme-palette-1-color has-text-color\"><strong>PROVERBE<\/strong> N\u00b07<br><em>\u00ab\u00a0Une hirondelle ne fait pas le printemps\u00a0\u00bb.<\/em><\/h2>\n\n\n\n<div class=\"wp-block-columns is-layout-flex wp-container-core-columns-is-layout-9d6595d7 wp-block-columns-is-layout-flex\">\n<div class=\"wp-block-column is-layout-flow wp-block-column-is-layout-flow\">\n<figure class=\"wp-block-audio\"><audio controls src=\"http:\/\/www.chez-prisc-chris.com\/blog\/wp-content\/uploads\/2023\/01\/une-hirondelle.mp3\"><\/audio><\/figure>\n<\/div>\n\n\n\n<div class=\"wp-block-column is-layout-flow wp-block-column-is-layout-flow\"><\/div>\n\n\n\n<div class=\"wp-block-column is-layout-flow wp-block-column-is-layout-flow\"><\/div>\n<\/div>\n\n\n\n<p>Tu connais<strong> les hirondelles<\/strong> ? Ce sont de jolis petits <strong>oiseaux migrateurs<\/strong> qui s&rsquo;envolent vers l&rsquo;Afrique en hiver et <strong>reviennent au printemps <\/strong>dans les r\u00e9gions fran\u00e7aises. Mais si on ne voit qu&rsquo;une hirondelle, \u00e7a ne signifie pas que le printemps est revenu. <strong>Ce proverbe<\/strong> veut dire qu&rsquo;on ne peut pas se baser sur un <strong>seul \u00e9l\u00e9ment, une seule exp\u00e9rience, <\/strong>pour en tirer une <strong>v\u00e9rit\u00e9 g\u00e9n\u00e9rale.<\/strong><\/p>\n\n\n\n<p class=\"has-theme-palette-9-color has-text-color has-background\" style=\"background-color:#a75881\"><em><strong>EXEMPLE<\/strong> :<\/em> <em>Le conflit qui faisait rage depuis des mois semble s&rsquo;\u00eatre apais\u00e9 suite au cessez-le-feu qui a \u00e9t\u00e9 d\u00e9clar\u00e9 hier. C&rsquo;est une bonne nouvelle, mais il ne faudrait pas se r\u00e9jouir trop t\u00f4t&#8230; Les probl\u00e8mes entre les deux pays sont loin d&rsquo;\u00eatre r\u00e9solus : <strong>une hirondelle ne fait pas le printemps<\/strong><\/em>.<\/p>\n\n\n<div class=\"wp-block-image\">\n<figure class=\"aligncenter size-large is-resized\"><img loading=\"lazy\" decoding=\"async\" src=\"http:\/\/www.chez-prisc-chris.com\/blog\/wp-content\/uploads\/2022\/12\/swallow-ge277d1879_1280-1024x574.jpg\" alt=\"Un proverbe fran\u00e7ais : une hirondelle ne fait pas le printemps.\" class=\"wp-image-2127\" width=\"539\" height=\"302\" srcset=\"https:\/\/www.chez-prisc-chris.com\/blog\/wp-content\/uploads\/2022\/12\/swallow-ge277d1879_1280-1024x574.jpg 1024w, https:\/\/www.chez-prisc-chris.com\/blog\/wp-content\/uploads\/2022\/12\/swallow-ge277d1879_1280-300x168.jpg 300w, https:\/\/www.chez-prisc-chris.com\/blog\/wp-content\/uploads\/2022\/12\/swallow-ge277d1879_1280-768x430.jpg 768w, https:\/\/www.chez-prisc-chris.com\/blog\/wp-content\/uploads\/2022\/12\/swallow-ge277d1879_1280.jpg 1280w\" sizes=\"auto, (max-width: 539px) 100vw, 539px\" \/><\/figure>\n<\/div>\n\n\n<h2 class=\"wp-block-heading has-theme-palette-1-color has-text-color\"><br><strong>PROVERBE<\/strong> N\u00b08<br><em>\u00ab\u00a0C&rsquo;est en forgeant qu&rsquo;on devient forgeron\u00a0\u00bb.<\/em><\/h2>\n\n\n\n<div class=\"wp-block-columns is-layout-flex wp-container-core-columns-is-layout-9d6595d7 wp-block-columns-is-layout-flex\">\n<div class=\"wp-block-column is-layout-flow wp-block-column-is-layout-flow\">\n<figure class=\"wp-block-audio\"><audio controls src=\"http:\/\/www.chez-prisc-chris.com\/blog\/wp-content\/uploads\/2023\/01\/c_est-en-forgeant.mp3\"><\/audio><\/figure>\n<\/div>\n\n\n\n<div class=\"wp-block-column is-layout-flow wp-block-column-is-layout-flow\"><\/div>\n\n\n\n<div class=\"wp-block-column is-layout-flow wp-block-column-is-layout-flow\"><\/div>\n<\/div>\n\n\n\n<p><strong>Un forgeron<\/strong>, c&rsquo;est une personne qui <strong>travaille le fer.<\/strong> Cet artisan <strong>peut fabriquer des grilles de m\u00e9tal<\/strong> ou s&rsquo;occuper de <strong>ferrer les chevaux<\/strong>. <em><strong>Forger,<\/strong><\/em> c&rsquo;est un verbe qui signifie <em><strong>Travailler le m\u00e9tal<\/strong><\/em>. <strong>Ce proverbe<\/strong> souligne le fait que c&rsquo;est <strong>gr\u00e2ce \u00e0 la pratique<\/strong> qu&rsquo;on <strong>devient bon <\/strong>dans un domaine, <strong>la th\u00e9orie ne suffira jamais.<\/strong><\/p>\n\n\n\n<p class=\"has-theme-palette-9-color has-text-color has-background\" style=\"background-color:#a75881\">EXEMPLE : <em>C&rsquo;est super que tu aies fait un g\u00e2teau pour l&rsquo;anniversaire de ta soeur. Il est un peu br\u00fbl\u00e9, mais ce n&rsquo;est pas grave. C&rsquo;\u00e9tait ton premier fondant au chocolat. Le prochain sera meilleur&#8230; <strong>C&rsquo;est en forgeant qu&rsquo;on devient forgeron.<\/strong><\/em><\/p>\n\n\n<div class=\"wp-block-image\">\n<figure class=\"aligncenter size-large is-resized\"><img loading=\"lazy\" decoding=\"async\" src=\"http:\/\/www.chez-prisc-chris.com\/blog\/wp-content\/uploads\/2022\/12\/blacksmith-g0db09cffa_1280-1024x791.jpg\" alt=\"Un proverbe fran\u00e7ais : C'est en forgeant qu'on devient forgeron...\" class=\"wp-image-2130\" width=\"462\" height=\"356\" srcset=\"https:\/\/www.chez-prisc-chris.com\/blog\/wp-content\/uploads\/2022\/12\/blacksmith-g0db09cffa_1280-1024x791.jpg 1024w, https:\/\/www.chez-prisc-chris.com\/blog\/wp-content\/uploads\/2022\/12\/blacksmith-g0db09cffa_1280-300x232.jpg 300w, https:\/\/www.chez-prisc-chris.com\/blog\/wp-content\/uploads\/2022\/12\/blacksmith-g0db09cffa_1280-768x593.jpg 768w, https:\/\/www.chez-prisc-chris.com\/blog\/wp-content\/uploads\/2022\/12\/blacksmith-g0db09cffa_1280.jpg 1280w\" sizes=\"auto, (max-width: 462px) 100vw, 462px\" \/><\/figure>\n<\/div>\n\n\n<h2 class=\"wp-block-heading\"><br>CONCLUSION<\/h2>\n\n\n\n<p>Il y a des centaines de proverbes couramment utilis\u00e9s en fran\u00e7ais. Je t&rsquo;ai fait une petite s\u00e9lection personnelle parce qu&rsquo;il faut bien commencer quelque part ! <\/p>\n\n\n\n<p>Si tu veux \u00e9pater ton prof de fran\u00e7ais ou tes amis parisiens, essaie de glisser n\u00e9gligemment l&rsquo;un de ces proverbes dans le fil de la conversation. Peu d&rsquo;\u00e9trangers y parviennent. C&rsquo;est une mani\u00e8re de montrer qu&rsquo;on a un haut degr\u00e9 de comp\u00e9tence dans une langue quand on ma\u00eetrise ces tournures populaires que sont proverbes et expressions idiomatiques&#8230;<\/p>\n\n\n\n<a href=\"https:\/\/www.buymeacoffee.com\/learnfrenchfun\" target=\"_blank\" title=\"Offre-moi un caf\u00e9 :)\" rel=\"noopener\"><img decoding=\"async\" src=\"https:\/\/www.chez-prisc-chris.com\/habillage-blog\/bmc-fr.png\" alt=\"Offre-moi un caf\u00e9 sur BuyMeACoffee\" style=\"margin: 0 auto;\"><\/a>\n","protected":false},"excerpt":{"rendered":"<p>Un proverbe est une phrase qui contient une forme de sagesse populaire, de philosophie de la vie. Parfois, les proverbes fran\u00e7ais seront identiques ou similaires dans ta langue, parfois ils seront tr\u00e8s surprenants. Les proverbes ne font pas partie du fran\u00e7ais familier. Mais ce qui est s\u00fbr, c&rsquo;est qu&rsquo;ils sont fr\u00e9quemment employ\u00e9s dans la conversation&#8230;<\/p>\n","protected":false},"author":2,"featured_media":2123,"comment_status":"open","ping_status":"open","sticky":false,"template":"","format":"standard","meta":{"_uag_custom_page_level_css":"","_kad_post_transparent":"","_kad_post_title":"","_kad_post_layout":"","_kad_post_sidebar_id":"","_kad_post_content_style":"","_kad_post_vertical_padding":"","_kad_post_feature":"","_kad_post_feature_position":"","_kad_post_header":false,"_kad_post_footer":false,"footnotes":""},"categories":[6],"tags":[],"class_list":["post-2118","post","type-post","status-publish","format-standard","has-post-thumbnail","hentry","category-parler-ecouter-francais"],"uagb_featured_image_src":{"full":["https:\/\/www.chez-prisc-chris.com\/blog\/wp-content\/uploads\/2022\/12\/front-view-of-cheering-man-with-french-flag-and-confetti-scaled.jpg",2560,1883,false],"thumbnail":["https:\/\/www.chez-prisc-chris.com\/blog\/wp-content\/uploads\/2022\/12\/front-view-of-cheering-man-with-french-flag-and-confetti-150x150.jpg",150,150,true],"medium":["https:\/\/www.chez-prisc-chris.com\/blog\/wp-content\/uploads\/2022\/12\/front-view-of-cheering-man-with-french-flag-and-confetti-300x221.jpg",300,221,true],"medium_large":["https:\/\/www.chez-prisc-chris.com\/blog\/wp-content\/uploads\/2022\/12\/front-view-of-cheering-man-with-french-flag-and-confetti-768x565.jpg",768,565,true],"large":["https:\/\/www.chez-prisc-chris.com\/blog\/wp-content\/uploads\/2022\/12\/front-view-of-cheering-man-with-french-flag-and-confetti-1024x753.jpg",1024,753,true],"hd_qu_size2":["https:\/\/www.chez-prisc-chris.com\/blog\/wp-content\/uploads\/2022\/12\/front-view-of-cheering-man-with-french-flag-and-confetti-400x400.jpg",400,400,true],"1536x1536":["https:\/\/www.chez-prisc-chris.com\/blog\/wp-content\/uploads\/2022\/12\/front-view-of-cheering-man-with-french-flag-and-confetti-1536x1130.jpg",1536,1130,true],"2048x2048":["https:\/\/www.chez-prisc-chris.com\/blog\/wp-content\/uploads\/2022\/12\/front-view-of-cheering-man-with-french-flag-and-confetti-2048x1506.jpg",2048,1506,true]},"uagb_author_info":{"display_name":"Priscilla","author_link":"https:\/\/www.chez-prisc-chris.com\/blog\/author\/prisc\/"},"uagb_comment_info":8,"uagb_excerpt":"Un proverbe est une phrase qui contient une forme de sagesse populaire, de philosophie de la vie. Parfois, les proverbes fran\u00e7ais seront identiques ou similaires dans ta langue, parfois ils seront tr\u00e8s surprenants. Les proverbes ne font pas partie du fran\u00e7ais familier. Mais ce qui est s\u00fbr, c&rsquo;est qu&rsquo;ils sont fr\u00e9quemment employ\u00e9s dans la conversation...","_links":{"self":[{"href":"https:\/\/www.chez-prisc-chris.com\/blog\/wp-json\/wp\/v2\/posts\/2118","targetHints":{"allow":["GET"]}}],"collection":[{"href":"https:\/\/www.chez-prisc-chris.com\/blog\/wp-json\/wp\/v2\/posts"}],"about":[{"href":"https:\/\/www.chez-prisc-chris.com\/blog\/wp-json\/wp\/v2\/types\/post"}],"author":[{"embeddable":true,"href":"https:\/\/www.chez-prisc-chris.com\/blog\/wp-json\/wp\/v2\/users\/2"}],"replies":[{"embeddable":true,"href":"https:\/\/www.chez-prisc-chris.com\/blog\/wp-json\/wp\/v2\/comments?post=2118"}],"version-history":[{"count":10,"href":"https:\/\/www.chez-prisc-chris.com\/blog\/wp-json\/wp\/v2\/posts\/2118\/revisions"}],"predecessor-version":[{"id":2462,"href":"https:\/\/www.chez-prisc-chris.com\/blog\/wp-json\/wp\/v2\/posts\/2118\/revisions\/2462"}],"wp:featuredmedia":[{"embeddable":true,"href":"https:\/\/www.chez-prisc-chris.com\/blog\/wp-json\/wp\/v2\/media\/2123"}],"wp:attachment":[{"href":"https:\/\/www.chez-prisc-chris.com\/blog\/wp-json\/wp\/v2\/media?parent=2118"}],"wp:term":[{"taxonomy":"category","embeddable":true,"href":"https:\/\/www.chez-prisc-chris.com\/blog\/wp-json\/wp\/v2\/categories?post=2118"},{"taxonomy":"post_tag","embeddable":true,"href":"https:\/\/www.chez-prisc-chris.com\/blog\/wp-json\/wp\/v2\/tags?post=2118"}],"curies":[{"name":"wp","href":"https:\/\/api.w.org\/{rel}","templated":true}]}}