{"id":1826,"date":"2022-10-22T16:47:07","date_gmt":"2022-10-22T14:47:07","guid":{"rendered":"http:\/\/www.chez-prisc-chris.com\/blog\/?p=1826"},"modified":"2023-03-08T20:08:05","modified_gmt":"2023-03-08T19:08:05","slug":"la-production-orale-du-delf-b1-comment-etre-au-top-le-jour-j","status":"publish","type":"post","link":"https:\/\/www.chez-prisc-chris.com\/blog\/la-production-orale-du-delf-b1-comment-etre-au-top-le-jour-j\/","title":{"rendered":"La production orale du DELF B1 : comment \u00eatre au top le jour J"},"content":{"rendered":"\n<p>Pour de <strong>nombreux \u00e9tudiants de fran\u00e7ais<\/strong>, passer une <strong>\u00e9preuve orale <\/strong>est bien plus <strong>angoissant <\/strong>que de passer un <strong>examen \u00e0 l&rsquo;\u00e9crit.<\/strong> <br><a href=\"https:\/\/www.chez-prisc-chris.com\/blog\/jai-peur-de-parler-francais\/\" data-type=\"URL\" data-id=\"https:\/\/www.chez-prisc-chris.com\/blog\/jai-peur-de-parler-francais\/\" target=\"_blank\" rel=\"noreferrer noopener\"><strong>Parler devant un public<\/strong> <\/a>n&rsquo;est pas chose facile pour la majorit\u00e9 des gens. Et si en plus on doit le faire dans une langue \u00e9trang\u00e8re, <strong>en fran\u00e7ais,<\/strong> mettons, on peut comprendre que cela soit <strong>g\u00e9n\u00e9rateur de stress<\/strong> !<\/p>\n\n\n\n<p><strong>En fran\u00e7ais<\/strong>, on a m\u00eame invent\u00e9 <strong>une expression <\/strong>pour qualifier <strong>la peur de s&rsquo;exprimer en public<\/strong> : <strong>AVOIR LE TRAC<\/strong> ! \ud83d\ude31<\/p>\n\n\n\n<p><strong>LE TRAC<\/strong>, c&rsquo;est ce <strong>sentiment d&rsquo;angoisse <\/strong>\u00e9prouv\u00e9 par <strong>l&rsquo;acteur avant d&rsquo;entrer en sc\u00e8ne<\/strong>, c&rsquo;est ce que ressent <strong><a href=\"https:\/\/www.chez-prisc-chris.com\/blog\/etre-au-top-le-jour-de-ton-entretien-dembauche\/\" data-type=\"URL\" data-id=\"https:\/\/www.chez-prisc-chris.com\/blog\/etre-au-top-le-jour-de-ton-entretien-dembauche\/\" target=\"_blank\" rel=\"noreferrer noopener\">le candidat le jour de son entretien d&#8217;embauche<\/a> <\/strong>ou <strong>l&rsquo;\u00e9tudiant de fran\u00e7ais qui doit passer une \u00e9preuve orale&#8230;<\/strong> <\/p>\n\n\n<div class=\"wp-block-image\">\n<figure class=\"aligncenter size-large is-resized\"><img loading=\"lazy\" decoding=\"async\" src=\"http:\/\/www.chez-prisc-chris.com\/blog\/wp-content\/uploads\/2022\/06\/femme-peur-1024x683.jpg\" alt=\"Aujourd'hui, je vais te parler de Xenoglossophobie. Hein ? Quoi ? Pardon ? Pas de stress... C'est juste un tr\u00e8s gros mot pour te parler d'une petite chose tr\u00e8s banale : la peur qui bloque les \u00e9tudiants quand ils veulent parler fran\u00e7ais. Et pourtant, les Fran\u00e7ais eux-m\u00eames se trompent quand il parlent leur langue...\" class=\"wp-image-566\" width=\"429\" height=\"285\" srcset=\"https:\/\/www.chez-prisc-chris.com\/blog\/wp-content\/uploads\/2022\/06\/femme-peur-1024x683.jpg 1024w, https:\/\/www.chez-prisc-chris.com\/blog\/wp-content\/uploads\/2022\/06\/femme-peur-300x200.jpg 300w, https:\/\/www.chez-prisc-chris.com\/blog\/wp-content\/uploads\/2022\/06\/femme-peur-768x512.jpg 768w, https:\/\/www.chez-prisc-chris.com\/blog\/wp-content\/uploads\/2022\/06\/femme-peur-1536x1024.jpg 1536w, https:\/\/www.chez-prisc-chris.com\/blog\/wp-content\/uploads\/2022\/06\/femme-peur-2048x1365.jpg 2048w\" sizes=\"auto, (max-width: 429px) 100vw, 429px\" \/><\/figure>\n<\/div>\n\n\n<p>Pourtant, <strong>quel que soit l&rsquo;examen de fran\u00e7ais auquel tu te pr\u00e9sentes<\/strong>, tu devras <strong>prouver<\/strong> ta <strong>ma\u00eetrise<\/strong> du <strong>fran\u00e7ais parl\u00e9 <\/strong>: les<strong> \u00e9preuves orales <\/strong>constituent un <strong>aspect essentiel et incontournable <\/strong>dans<strong> l&rsquo;\u00e9valuation<\/strong> de ton niveau de langue<strong>.<\/strong><\/p>\n\n\n\n<p><strong>Des examens de fran\u00e7ais, il y en a beaucoup : <\/strong><\/p>\n\n\n\n<ul class=\"wp-block-list\">\n<li><strong><a href=\"https:\/\/www.chez-prisc-chris.com\/blog\/delf-ou-tcf-la-difference-entre-ces-2-examens-de-francais\/\" data-type=\"URL\" data-id=\"https:\/\/www.chez-prisc-chris.com\/blog\/delf-ou-tcf-la-difference-entre-ces-2-examens-de-francais\/\" target=\"_blank\" rel=\"noreferrer noopener\">le TCF<\/a> <\/strong><em>(Test de Connaissances du Fran\u00e7ais),<\/em><strong> <\/strong><\/li>\n\n\n\n<li><strong>le DILF <\/strong><em>(Dipl\u00f4me Initial de Langue Fran\u00e7aise), <\/em><\/li>\n\n\n\n<li><strong><a href=\"https:\/\/www.chez-prisc-chris.com\/blog\/le-delf-quest-ce-que-cest\/\" data-type=\"URL\" data-id=\"https:\/\/www.chez-prisc-chris.com\/blog\/le-delf-quest-ce-que-cest\/\" target=\"_blank\" rel=\"noreferrer noopener\">le DELF<\/a><\/strong><em> (Dipl\u00f4me d&rsquo;\u00c9tudes en Langue Fran\u00e7aise)<\/em>, <\/li>\n\n\n\n<li><strong><a href=\"https:\/\/www.chez-prisc-chris.com\/blog\/le-dalf-quest-ce-que-cest\/\" data-type=\"URL\" data-id=\"https:\/\/www.chez-prisc-chris.com\/blog\/le-dalf-quest-ce-que-cest\/\" target=\"_blank\" rel=\"noreferrer noopener\">le DALF<\/a> <\/strong>(<em>Dipl\u00f4me Avanc\u00e9 de Langue Fran\u00e7aise<\/em>), <\/li>\n\n\n\n<li><strong>le DFP<\/strong><em> (Dipl\u00f4me de Fran\u00e7ais Professionnel),<\/em> <\/li>\n\n\n\n<li><strong><a href=\"https:\/\/www.chez-prisc-chris.com\/blog\/une-evaluation-de-ton-francais-le-test-bright\/\" data-type=\"URL\" data-id=\"https:\/\/www.chez-prisc-chris.com\/blog\/une-evaluation-de-ton-francais-le-test-bright\/\" target=\"_blank\" rel=\"noreferrer noopener\">Le Test Bright, <\/a><\/strong><\/li>\n\n\n\n<li>etc. <\/li>\n<\/ul>\n\n\n\n<p>Tous ces<strong> acronymes<\/strong> font un peu mal \u00e0 la t\u00eate, non ?!<\/p>\n\n\n\n<p>Dans cet article, je vais te pr\u00e9senter <strong>l&rsquo;\u00e9preuve de production orale<\/strong> du<strong> DELF<\/strong> <strong>B1<\/strong>. <br><strong>Le DELF<\/strong> <em>(Dipl\u00f4me d&rsquo;\u00c9tudes en Langue Fran\u00e7aise)<\/em><strong> <\/strong>est un <strong><strong>certificat de fran\u00e7ais<\/strong> <strong>pour les \u00e9trangers<\/strong>, <\/strong>cr\u00e9\u00e9 en 1985 par le<strong> <strong>Minist\u00e8re Fran\u00e7ais <\/strong><\/strong>de l\u2019\u00c9ducation Nationale<strong>. C&rsquo;est aujourd&rsquo;hui l&rsquo;un des plus r\u00e9put\u00e9s, dans l&rsquo;Hexagone et dans le monde. <\/strong><\/p>\n\n\n\n<p><\/p>\n\n\n\n<p>Pour<strong> te pr\u00e9parer au mieux<\/strong> afin d&rsquo;<strong>\u00eatre au top le jour de ton examen<\/strong>, tu peux <strong>suivre ces conseils<\/strong> que je donne r\u00e9guli\u00e8rement <strong>\u00e0 mes \u00e9tudiants <\/strong>quand je les<strong> pr\u00e9pare <\/strong>aux <strong>\u00e9preuves de production orale<\/strong> du <strong>DELF B1.<\/strong><\/p>\n\n\n<div class=\"wp-block-image\">\n<figure class=\"aligncenter size-large is-resized\"><img loading=\"lazy\" decoding=\"async\" src=\"http:\/\/www.chez-prisc-chris.com\/blog\/wp-content\/uploads\/2022\/09\/Copie-de-Sans-titre-copie-3-1024x683.png\" alt=\"\" class=\"wp-image-1676\" width=\"395\" height=\"263\" srcset=\"https:\/\/www.chez-prisc-chris.com\/blog\/wp-content\/uploads\/2022\/09\/Copie-de-Sans-titre-copie-3-1024x683.png 1024w, https:\/\/www.chez-prisc-chris.com\/blog\/wp-content\/uploads\/2022\/09\/Copie-de-Sans-titre-copie-3-300x200.png 300w, https:\/\/www.chez-prisc-chris.com\/blog\/wp-content\/uploads\/2022\/09\/Copie-de-Sans-titre-copie-3-768x512.png 768w, https:\/\/www.chez-prisc-chris.com\/blog\/wp-content\/uploads\/2022\/09\/Copie-de-Sans-titre-copie-3.png 1200w\" sizes=\"auto, (max-width: 395px) 100vw, 395px\" \/><\/figure>\n<\/div>\n\n\n<h2 class=\"wp-block-heading\">Savoir, c&rsquo;est Pouvoir&#8230;<\/h2>\n\n\n\n<p><strong>Pour \u00e9viter toute surprise <em>LE JOUR J.<\/em><\/strong>, il est essentiel de bien <strong>t&rsquo;informer \u00e0 l&rsquo;avance sur les modalit\u00e9s<\/strong> de l&rsquo;examen : si tu <strong>fais un cours pr\u00e9paratoire<\/strong> avec un <strong>enseignant <\/strong>ou un <strong>centre de formation<\/strong>, toutes ces pr\u00e9cieuses <strong>informations <\/strong><em>\u00ab\u00a0te seront servies sur un plateau\u00a0\u00bb<\/em>&#8230; <\/p>\n\n\n\n<p>Cette petite <strong>expression idiomatique<\/strong> signifie que <strong>tu n&rsquo;auras rien \u00e0 faire<\/strong> puisque <strong>ton enseignant<\/strong> sera l\u00e0 pour <strong>te guider, te coacher.<\/strong> Il te renseigneras entre autres sur :<\/p>\n\n\n\n<ul class=\"wp-block-list\">\n<li><em>l<\/em>e<em> niveau de langue que tu dois avoir,<\/em><\/li>\n\n\n\n<li><em>la structure de l&rsquo;examen, <\/em><\/li>\n\n\n\n<li><em>le temps de pr\u00e9paration dont tu disposeras, <\/em><\/li>\n\n\n\n<li><em>le temps de passation de l&rsquo;\u00e9preuve, <\/em><\/li>\n\n\n\n<li><em>le type d&rsquo;exercice demand\u00e9, <\/em><\/li>\n\n\n\n<li><em>les th\u00e9matiques abord\u00e9es, <\/em><\/li>\n\n\n\n<li><em>les crit\u00e8res d&rsquo;\u00e9valuation<\/em><\/li>\n\n\n\n<li><em>etc.<\/em><\/li>\n<\/ul>\n\n\n\n<p><strong>MAIS<\/strong>&#8230; si tu te pr\u00e9sentes en <strong><em>Candidat libre<\/em><\/strong>, ce sera alors <strong>\u00e0 toi de te renseigner <\/strong>afin de mettre toutes les chances de ton c\u00f4t\u00e9. Pour cela, tu peux bien s\u00fbr <strong>acheter un manuel de pr\u00e9paration <\/strong>\u00e0 l&rsquo;examen ou <strong>travailler<\/strong> \u00e0 partir des innombrables <strong>ressources <\/strong>qui sont accessibles<strong> sur Internet.<\/strong><\/p>\n\n\n<div class=\"wp-block-image\">\n<figure class=\"aligncenter size-large is-resized\"><img loading=\"lazy\" decoding=\"async\" src=\"http:\/\/www.chez-prisc-chris.com\/blog\/wp-content\/uploads\/2022\/09\/E\u0302tre-1024x683.png\" alt=\"\" class=\"wp-image-1649\" width=\"377\" height=\"251\" srcset=\"https:\/\/www.chez-prisc-chris.com\/blog\/wp-content\/uploads\/2022\/09\/E\u0302tre-1024x683.png 1024w, https:\/\/www.chez-prisc-chris.com\/blog\/wp-content\/uploads\/2022\/09\/E\u0302tre-300x200.png 300w, https:\/\/www.chez-prisc-chris.com\/blog\/wp-content\/uploads\/2022\/09\/E\u0302tre-768x512.png 768w, https:\/\/www.chez-prisc-chris.com\/blog\/wp-content\/uploads\/2022\/09\/E\u0302tre.png 1200w\" sizes=\"auto, (max-width: 377px) 100vw, 377px\" \/><\/figure>\n<\/div>\n\n\n<p>L&rsquo;\u00e9preuve de<strong> production orale du DELF B1<\/strong> dure au total une<strong> quinzaine de minutes<\/strong>. <br>Elle se compose <strong>de 3 parties<\/strong> : <\/p>\n\n\n\n<h2 class=\"wp-block-heading\"><strong>1-<\/strong> <strong>L&rsquo;<\/strong>entretien dirig\u00e9<\/h2>\n\n\n\n<p>Cette \u00e9preuve sera comme <strong>une conversation entre toi et l&rsquo;examinateur, <\/strong>bas\u00e9e sur des<strong> sujets du quotidien.<\/strong> <\/p>\n\n\n\n<h4 class=\"has-theme-palette-1-color has-text-color wp-block-heading\">\ud83d\udccc <strong>EXEMPLES DE SUJETS <\/strong>:<\/h4>\n\n\n\n<div class=\"wp-block-columns is-layout-flex wp-container-core-columns-is-layout-9d6595d7 wp-block-columns-is-layout-flex\">\n<div class=\"wp-block-column is-layout-flow wp-block-column-is-layout-flow\" style=\"flex-basis:33.33%\"><\/div>\n\n\n\n<div class=\"wp-block-column is-layout-flow wp-block-column-is-layout-flow\" style=\"flex-basis:66.66%\"><div class=\"wp-block-image\">\n<figure class=\"aligncenter size-full is-resized\"><img loading=\"lazy\" decoding=\"async\" src=\"http:\/\/www.chez-prisc-chris.com\/blog\/wp-content\/uploads\/2022\/10\/Capture-de\u0301cran-2022-10-21-a\u0300-14.08.33-3.png\" alt=\"\" class=\"wp-image-1842\" width=\"410\" height=\"171\" srcset=\"https:\/\/www.chez-prisc-chris.com\/blog\/wp-content\/uploads\/2022\/10\/Capture-de\u0301cran-2022-10-21-a\u0300-14.08.33-3.png 786w, https:\/\/www.chez-prisc-chris.com\/blog\/wp-content\/uploads\/2022\/10\/Capture-de\u0301cran-2022-10-21-a\u0300-14.08.33-3-300x126.png 300w, https:\/\/www.chez-prisc-chris.com\/blog\/wp-content\/uploads\/2022\/10\/Capture-de\u0301cran-2022-10-21-a\u0300-14.08.33-3-768x322.png 768w\" sizes=\"auto, (max-width: 410px) 100vw, 410px\" \/><\/figure>\n<\/div><\/div>\n<\/div>\n\n\n\n<h4 class=\"has-theme-palette-1-color has-text-color wp-block-heading\">\ud83d\udccc Petites infos&#8230;<\/h4>\n\n\n\n<div class=\"wp-block-uagb-icon-list uagb-block-47322a32\"><div class=\"uagb-icon-list__wrap\">\n<div class=\"wp-block-uagb-icon-list-child uagb-block-43d4c6c6\"><span class=\"uagb-icon-list__source-wrap\"><\/span><span class=\"uagb-icon-list__label\"><strong>L&rsquo;ENTRETIEN DIRIG\u00c9<\/strong> se d\u00e9roule <strong>sans pr\u00e9paration<\/strong> et dure <strong>3 \u00e0 4 minutes<\/strong>,<\/span><\/div>\n\n\n\n<div class=\"wp-block-uagb-icon-list-child uagb-block-047ef227\"><span class=\"uagb-icon-list__source-wrap\"><\/span><span class=\"uagb-icon-list__label\">L&rsquo;examinateur cherche \u00e0 <strong>\u00e9valuer ta capacit\u00e9 \u00e0 te pr\u00e9senter<\/strong> et \u00e0 parler de <strong>sujets diff\u00e9rents.<\/strong><br>N&rsquo;oublie pas que c&rsquo;est toi qui dois \u00eatre <em>Le moteur de la conversation<\/em> : sois proactif, n&rsquo;attends pas les questions, relance la discussion&#8230;<\/span><\/div>\n\n\n\n<div class=\"wp-block-uagb-icon-list-child uagb-block-dd3f0e29\"><span class=\"uagb-icon-list__source-wrap\"><\/span><span class=\"uagb-icon-list__label\"><strong>Parmi les th\u00e8mes abord\u00e9s<\/strong>, tu trouveras : <em>l&rsquo;\u00e9cole, les \u00e9tudes de fran\u00e7ais, le travail, la famille, les loisirs&#8230; <\/em>des<strong> sujets quotidiens <\/strong>sur lesquels on doit pouvoir s&rsquo;exprimer au <strong>niveau B1.<\/strong><br><\/span><\/div>\n\n\n\n<div class=\"wp-block-uagb-icon-list-child uagb-block-ee16620e\"><span class=\"uagb-icon-list__source-wrap\"><\/span><span class=\"uagb-icon-list__label\">L&rsquo;examinateur va \u00e9galement <strong>v\u00e9rifier ta ma\u00eetrise des temps basiques<\/strong> : pass\u00e9s, pr\u00e9sent, futurs, conditionnel&#8230;<\/span><\/div>\n<\/div><\/div>\n\n\n\n<h2 class=\"wp-block-heading\"><strong>2- L&rsquo;exercice en interaction <\/strong><\/h2>\n\n\n\n<p>Cette \u00e9preuve sera comme <strong>un jeu de r\u00f4le entre toi et l&rsquo;examinateur<\/strong>. Vous devrez <strong>discuter pour trouver ensemble<\/strong> une <strong>solution \u00e0 un probl\u00e8me ou \u00e0 une situation<\/strong> <strong>d\u00e9licate<\/strong>. <\/p>\n\n\n<div class=\"wp-block-image\">\n<figure class=\"aligncenter size-large is-resized\"><img loading=\"lazy\" decoding=\"async\" src=\"http:\/\/www.chez-prisc-chris.com\/blog\/wp-content\/uploads\/2022\/10\/Copie-de-Sans-titre-1-1024x683.png\" alt=\"\" class=\"wp-image-1854\" width=\"400\" height=\"266\" srcset=\"https:\/\/www.chez-prisc-chris.com\/blog\/wp-content\/uploads\/2022\/10\/Copie-de-Sans-titre-1-1024x683.png 1024w, https:\/\/www.chez-prisc-chris.com\/blog\/wp-content\/uploads\/2022\/10\/Copie-de-Sans-titre-1-300x200.png 300w, https:\/\/www.chez-prisc-chris.com\/blog\/wp-content\/uploads\/2022\/10\/Copie-de-Sans-titre-1-768x512.png 768w, https:\/\/www.chez-prisc-chris.com\/blog\/wp-content\/uploads\/2022\/10\/Copie-de-Sans-titre-1.png 1200w\" sizes=\"auto, (max-width: 400px) 100vw, 400px\" \/><\/figure>\n<\/div>\n\n\n<h4 class=\"has-theme-palette-1-color has-text-color wp-block-heading\">\ud83d\udccc <strong>EXEMPLES DE SUJETS :<\/strong><\/h4>\n\n\n\n<figure class=\"wp-block-image size-large\"><img loading=\"lazy\" decoding=\"async\" width=\"1024\" height=\"500\" src=\"http:\/\/www.chez-prisc-chris.com\/blog\/wp-content\/uploads\/2022\/10\/Capture-de\u0301cran-2022-10-21-a\u0300-14.15.10-1024x500.png\" alt=\"\" class=\"wp-image-1843\" srcset=\"https:\/\/www.chez-prisc-chris.com\/blog\/wp-content\/uploads\/2022\/10\/Capture-de\u0301cran-2022-10-21-a\u0300-14.15.10-1024x500.png 1024w, https:\/\/www.chez-prisc-chris.com\/blog\/wp-content\/uploads\/2022\/10\/Capture-de\u0301cran-2022-10-21-a\u0300-14.15.10-300x146.png 300w, https:\/\/www.chez-prisc-chris.com\/blog\/wp-content\/uploads\/2022\/10\/Capture-de\u0301cran-2022-10-21-a\u0300-14.15.10-768x375.png 768w, https:\/\/www.chez-prisc-chris.com\/blog\/wp-content\/uploads\/2022\/10\/Capture-de\u0301cran-2022-10-21-a\u0300-14.15.10-1536x749.png 1536w, https:\/\/www.chez-prisc-chris.com\/blog\/wp-content\/uploads\/2022\/10\/Capture-de\u0301cran-2022-10-21-a\u0300-14.15.10.png 1652w\" sizes=\"auto, (max-width: 1024px) 100vw, 1024px\" \/><figcaption class=\"wp-element-caption\"><em>https:\/\/www.france-education-international.fr\/document\/delf-b1-tp-examinateur-ind<\/em><\/figcaption><\/figure>\n\n\n\n<h4 class=\"has-theme-palette-1-color has-text-color wp-block-heading\">\ud83d\udccc Petites infos&#8230;<\/h4>\n\n\n\n<div class=\"wp-block-uagb-icon-list uagb-block-a3a8c3f0\"><div class=\"uagb-icon-list__wrap\">\n<div class=\"wp-block-uagb-icon-list-child uagb-block-aad4ad0e\"><span class=\"uagb-icon-list__source-wrap\"><\/span><span class=\"uagb-icon-list__label\"><strong>L&rsquo;EXERCICE EN INTERACTION<\/strong> doit durer<strong> 3 \u00e0 4 minutes<\/strong>.<\/span><\/div>\n\n\n\n<div class=\"wp-block-uagb-icon-list-child uagb-block-9d916ae5\"><span class=\"uagb-icon-list__source-wrap\"><\/span><span class=\"uagb-icon-list__label\">Tu recevras <strong>2 sujets<\/strong> et, apr\u00e8s les avoir rapidement parcourus, tu devras<strong> en choisir un <\/strong>et commencer \u00e0 <strong>parler, spontan\u00e9ment, sans pr\u00e9paration<\/strong><\/span><\/div>\n\n\n\n<div class=\"wp-block-uagb-icon-list-child uagb-block-37db3955\"><span class=\"uagb-icon-list__source-wrap\"><\/span><span class=\"uagb-icon-list__label\"><strong>Attention<\/strong> : dans certains cas (sujet 1), tu devras <strong>vouvoyer l&rsquo;examinateur<\/strong>. Dans d&rsquo;autres cas (sujet 2), il te faudra <strong>le tutoyer<\/strong><\/span><\/div>\n<\/div><\/div>\n\n\n\n<h2 class=\"wp-block-heading\"><strong>3-<\/strong> <strong>L&rsquo;expression d&rsquo;un point de vue<\/strong> <\/h2>\n\n\n\n<p>\u00c0 partir d&rsquo;un <strong>court article,<\/strong> tu devras faire un <strong>mini-expos\u00e9<\/strong> <strong>structur\u00e9<\/strong> (avec une introduction, diff\u00e9rentes parties, une conclusion), <strong>pr\u00e9senter ton opinion <\/strong>sur la th\u00e9matique et <strong>r\u00e9pondre aux questions<\/strong> de l&rsquo;examinateur.<\/p>\n\n\n\n<p class=\"has-theme-palette-1-color has-text-color\">\ud83d\udccc <strong>EXEMPLE DE SUJET :<\/strong><\/p>\n\n\n<div class=\"wp-block-image\">\n<figure class=\"aligncenter size-large is-resized\"><img loading=\"lazy\" decoding=\"async\" src=\"http:\/\/www.chez-prisc-chris.com\/blog\/wp-content\/uploads\/2022\/10\/Capture-de\u0301cran-2022-10-21-a\u0300-13.51.46-1024x534.png\" alt=\"\" class=\"wp-image-1836\" width=\"745\" height=\"388\" srcset=\"https:\/\/www.chez-prisc-chris.com\/blog\/wp-content\/uploads\/2022\/10\/Capture-de\u0301cran-2022-10-21-a\u0300-13.51.46-1024x534.png 1024w, https:\/\/www.chez-prisc-chris.com\/blog\/wp-content\/uploads\/2022\/10\/Capture-de\u0301cran-2022-10-21-a\u0300-13.51.46-300x157.png 300w, https:\/\/www.chez-prisc-chris.com\/blog\/wp-content\/uploads\/2022\/10\/Capture-de\u0301cran-2022-10-21-a\u0300-13.51.46-768x401.png 768w, https:\/\/www.chez-prisc-chris.com\/blog\/wp-content\/uploads\/2022\/10\/Capture-de\u0301cran-2022-10-21-a\u0300-13.51.46.png 1280w\" sizes=\"auto, (max-width: 745px) 100vw, 745px\" \/><\/figure>\n<\/div>\n\n\n<h4 class=\"has-theme-palette-1-color has-text-color wp-block-heading\">\ud83d\udccc <strong>P<\/strong>etites infos<strong>.<\/strong>..<\/h4>\n\n\n\n<div class=\"wp-block-uagb-icon-list uagb-block-e05e7cce\"><div class=\"uagb-icon-list__wrap\">\n<div class=\"wp-block-uagb-icon-list-child uagb-block-d682eed4\"><span class=\"uagb-icon-list__source-wrap\"><\/span><span class=\"uagb-icon-list__label\">Pour cette <strong>3e \u00e9preuve orale du DELF B1<\/strong>, tu auras <strong>10 minutes de pr\u00e9paration<\/strong> et tu devras <strong>parler pendant 5 \u00e0 7 minutes environ.<\/strong> L&rsquo;examinateur peut <strong>te poser des questions<\/strong> mais essaie d&rsquo;\u00eatre <strong>autonome<\/strong> et de parler en continu.<\/span><\/div>\n\n\n\n<div class=\"wp-block-uagb-icon-list-child uagb-block-39135166\"><span class=\"uagb-icon-list__source-wrap\"><\/span><span class=\"uagb-icon-list__label\">Tu devras <strong>organiser tes id\u00e9es<\/strong>. Pour cela, il te faudra <strong>faire un plan<\/strong>, avec diff\u00e9rentes parties.<br>L&rsquo;examinateur s&rsquo;attend \u00e0 ce que tu <strong>utilises des connecteurs <\/strong><em>: Tout d&rsquo;abord, ensuite, d&rsquo;une part&#8230; d&rsquo;autre part, bien que, en effet, pour conclure&#8230;<\/em><\/span><\/div>\n\n\n\n<div class=\"wp-block-uagb-icon-list-child uagb-block-098b4f93\"><span class=\"uagb-icon-list__source-wrap\"><\/span><span class=\"uagb-icon-list__label\"><strong>L&#8217;emploi du subjonctif <\/strong>pour <strong>donner ton opinion<\/strong> est \u00e9galement <strong>bienvenu<\/strong> : <em>je ne pense pas que ce<strong> soit<\/strong> une priorit\u00e9 de nos jours ; je doute qu&rsquo;on <strong>puisse<\/strong> parvenir \u00e0 sensibiliser l&rsquo;opinion publique sur ce sujet.<\/em><\/span><\/div>\n<\/div><\/div>\n\n\n\n<h2 class=\"wp-block-heading\">Mes conseils : avant l&rsquo;examen <\/h2>\n\n\n\n<p><strong>Le mot cl\u00e9 est : pr\u00e9paration<\/strong>. Comme c&rsquo;est le cas pour les grands sportifs avant une comp\u00e9tition, <strong>la pr\u00e9paration du DELF B1<\/strong> te demandera un <strong>entra\u00eenement rigoureux<\/strong> <strong>avant l&rsquo;examen<\/strong>. Ce sera surtout n\u00e9cessaire si tu te pr\u00e9sentes en candidat libre :<\/p>\n\n\n<div class=\"wp-block-image\">\n<figure class=\"aligncenter size-large is-resized\"><img loading=\"lazy\" decoding=\"async\" src=\"http:\/\/www.chez-prisc-chris.com\/blog\/wp-content\/uploads\/2022\/10\/Copie-de-Sans-titre-2-1024x683.png\" alt=\"\" class=\"wp-image-1855\" width=\"477\" height=\"317\" srcset=\"https:\/\/www.chez-prisc-chris.com\/blog\/wp-content\/uploads\/2022\/10\/Copie-de-Sans-titre-2-1024x683.png 1024w, https:\/\/www.chez-prisc-chris.com\/blog\/wp-content\/uploads\/2022\/10\/Copie-de-Sans-titre-2-300x200.png 300w, https:\/\/www.chez-prisc-chris.com\/blog\/wp-content\/uploads\/2022\/10\/Copie-de-Sans-titre-2-768x512.png 768w, https:\/\/www.chez-prisc-chris.com\/blog\/wp-content\/uploads\/2022\/10\/Copie-de-Sans-titre-2.png 1200w\" sizes=\"auto, (max-width: 477px) 100vw, 477px\" \/><\/figure>\n<\/div>\n\n\n<ul class=\"wp-block-list\">\n<li><strong>\u00c9tablis un programme de r\u00e9visions<\/strong> selon ton niveau, tes difficult\u00e9s, le temps dont tu disposes, etc. Ce qui est essentiel, c&rsquo;est de r\u00e9viser, de travailler r\u00e9guli\u00e8rement pour mieux m\u00e9moriser.<\/li>\n\n\n\n<li><strong>Ne n\u00e9glige pas ta prononciation <\/strong>: pour te pr\u00e9parer au mieux \u00e0 l&rsquo;examen oral, prends l&rsquo;habitude de parler \u00e0 haute voix en fran\u00e7ais. Tu dois habituer ta bouche, ta langue et tes muscles \u00e0 prononcer correctement les sons du fran\u00e7ais pour am\u00e9liorer ton accent. Apprends des chansons et chante, \u00e9coute des podcasts et r\u00e9p\u00e8te apr\u00e8s la personne. Ou concentre-toi sur certaines difficult\u00e9s de prononciation que tu as en travaillant avec la formation que j&rsquo;ai pr\u00e9par\u00e9e avec amour, sp\u00e9cialement pour toi \ud83d\ude0d<\/li>\n<\/ul>\n\n\n\n<a href=\"https:\/\/www.chez-prisc-chris.com\/fr\/french-self-study.php#ancrecodereducphon\" title=\"Recevoir le code de r\u00e9duction pour la pr\u00e9inscription \u00e0 la formation PHONETIQUE FRANCAISE\"><img decoding=\"async\" src=\"https:\/\/www.chez-prisc-chris.com\/habillage-blog\/phon-encart-preinscription-fr.jpg\" alt=\"pr\u00e9inscription \u00e0 la formation sur la phon\u00e9tique fran\u00e7aise\" style=\"margin: 0 auto\"><\/a>\n\n\n\n<p><\/p>\n\n\n\n<ul class=\"wp-block-list\">\n<li><strong>Cr\u00e9e un environnement fran\u00e7ais <\/strong>: tu dois habituer ton oreille \u00e0 \u00e9couter parler des locuteurs fran\u00e7ais et avec toutes les ressources que tu as \u00e0 ta disposition aujourd&rsquo;hui, c&rsquo;est facile. <br>Par exemple : \u00e9coute la radio <em><a href=\"https:\/\/www.rfi.fr\/fr\/podcasts\/journal-fran%C3%A7ais-facile\/\">Le Journal en fran\u00e7ais facile<\/a><\/em>, regarde les vid\u00e9os que Christian et moi postons sur notre cha\u00eene <em>YouTube<\/em> <em><a href=\"https:\/\/www.youtube.com\/c\/LearnFrenchFun\">Learn French Fun<\/a><\/em>, regarde des s\u00e9ries comme <em><a href=\"https:\/\/www.allocine.fr\/series\/ficheserie_gen_cserie=22302.html\">Lupin<\/a><\/em> ou <em><a href=\"https:\/\/www.allocine.fr\/series\/ficheserie_gen_cserie=17907.html\">Le Bureau des L\u00e9gendes<\/a><\/em><\/li>\n\n\n\n<li><strong>Ne n\u00e9glige pas la grammaire<\/strong> : r\u00e9vise la construction et l&#8217;emploi des formes verbales, travaille sur les articulateurs qui te permettront de structurer ton oral&#8230;<\/li>\n\n\n\n<li><strong>Enrichis ton vocabulaire<\/strong> : tu sais d\u00e9j\u00e0 quels types de sujets tu auras pour l&rsquo;\u00e9preuve orale du DELF B1, alors pr\u00e9pare-toi des listes de vocabulaire sur ces th\u00e9matiques et m\u00e9morise les nouveaux mots en les int\u00e9grant dans des phrases d&rsquo;exemples. Apprends \u00e9galement quelques expressions idiomatiques ou des proverbes qui vont te permettre de colorer ton fran\u00e7ais.<\/li>\n\n\n\n<li><strong>Fais <em>Un examen blanc<\/em><\/strong> : un examen blanc est une \u00e9preuve de pr\u00e9paration r\u00e9alis\u00e9e dans les conditions de l&rsquo;examen. Temps de pr\u00e9paration et de passation, sujets&#8230; Tout est r\u00e9aliste. Si tu te pr\u00e9pares seul, demande \u00e0 un ami de jouer le r\u00f4le de l&rsquo;examinateur et&#8230; Parle ! C&rsquo;est particuli\u00e8rement important pour la 3e \u00e9preuve.<\/li>\n<\/ul>\n\n\n\n<h3 class=\"wp-block-heading\">Mes conseils : pendant l&rsquo;examen<\/h3>\n\n\n<div class=\"wp-block-image\">\n<figure class=\"aligncenter size-large is-resized\"><img loading=\"lazy\" decoding=\"async\" src=\"http:\/\/www.chez-prisc-chris.com\/blog\/wp-content\/uploads\/2022\/10\/woman-g0502ee7e7_1280-1024x683.jpg\" alt=\"\" class=\"wp-image-1857\" width=\"438\" height=\"291\" srcset=\"https:\/\/www.chez-prisc-chris.com\/blog\/wp-content\/uploads\/2022\/10\/woman-g0502ee7e7_1280-1024x683.jpg 1024w, https:\/\/www.chez-prisc-chris.com\/blog\/wp-content\/uploads\/2022\/10\/woman-g0502ee7e7_1280-300x200.jpg 300w, https:\/\/www.chez-prisc-chris.com\/blog\/wp-content\/uploads\/2022\/10\/woman-g0502ee7e7_1280-768x512.jpg 768w, https:\/\/www.chez-prisc-chris.com\/blog\/wp-content\/uploads\/2022\/10\/woman-g0502ee7e7_1280.jpg 1280w\" sizes=\"auto, (max-width: 438px) 100vw, 438px\" \/><\/figure>\n<\/div>\n\n\n<ul class=\"wp-block-list\">\n<li><strong>Fais bonne impression<\/strong> : les examinateurs ont pour consigne d&rsquo;\u00eatre objectifs, mais ce sont des \u00eatres humains et tu ne dois pas n\u00e9gliger que la premi\u00e8re impression qu&rsquo;ils auront de toi aura une importance. Alors fais attention \u00e0 ta pr\u00e9sentation : porte des v\u00eatements propres, un maquillage l\u00e9ger si tu veux, sois bien coiff\u00e9, bien ras\u00e9, etc.<\/li>\n\n\n\n<li><strong>La communication verbale : <\/strong>quand tu entres dans la salle d&rsquo;examen, pr\u00e9sente-toi poliment \u00e0 l&rsquo;examinateur. Ensuite, fais attention aux mots que tu utilises : parle uniquement en fran\u00e7ais, dans une langue correcte, pas famili\u00e8re. Parle lentement et de mani\u00e8re articul\u00e9e, prends le temps de r\u00e9fl\u00e9chir \u00e0 ce que tu vas dire.<\/li>\n\n\n\n<li><strong><strong>La communication<\/strong> non-verbale<\/strong> : encore une fois, cherche \u00e0 faire bonne impression. Fais attention \u00e0 ta gestuelle, tiens-toi bien droit, \u00e9vite de trop bouger. Souris et regarde l&rsquo;examinateur dans les yeux. Pour la 3e \u00e9preuve, la pr\u00e9sentation de l&rsquo;article, tu as eu le temps de prendre des notes. Elles sont importantes, mais n&rsquo;oublie pas de regarder ton interlocuteur. <strong>Et respire !<\/strong><\/li>\n\n\n\n<li><strong>Surveille le temps<\/strong> : tu connais le temps que doit durer chacune des 3 \u00e9preuves de l&rsquo;oral du DELF B1. Alors n&rsquo;h\u00e9site pas \u00e0 v\u00e9rifier que tu parles assez longtemps pour respecter ce crit\u00e8re.<\/li>\n\n\n\n<li><strong>Et si tu ne comprends pas la question<\/strong> ? N&rsquo;h\u00e9site pas \u00e0 demander poliment une explication ou une reformulation :<em> \u00ab\u00a0Excuse-moi, je n&rsquo;ai pas vraiment compris. Pourriez-vous r\u00e9p\u00e9ter la question s&rsquo;il vous pla\u00eet ?<\/em>\u00ab\u00a0<\/li>\n\n\n\n<li><strong>Et si tu perds le fil ?<\/strong> Pas de panique, respire un grand coup et informe l&rsquo;examinateur : J&rsquo;ai perdu le fil, je reprends. Alors recommence o\u00f9 tu en \u00e9tais ou change de sujet. L&rsquo;important, c&rsquo;est de garder un certain flot de parole, de ne pas laisser un grand blanc s&rsquo;installer.<\/li>\n\n\n\n<li><strong>Fais confiance \u00e0 l&rsquo;examinateur <\/strong>: les membres du jury du DELF sont bienveillants, ils ne sont pas tes ennemis. Si tu perds tes mots, si tu t&#8217;embrouilles, ils vont chercher \u00e0 t&rsquo;aider, \u00e0 te remettre dans la bonne direction. <\/li>\n<\/ul>\n\n\n\n<p><\/p>\n\n\n\n<h3 class=\"wp-block-heading\">Exemples de manuels que je te recommande : <\/h3>\n\n\n\n<div class=\"wp-block-columns is-layout-flex wp-container-core-columns-is-layout-9d6595d7 wp-block-columns-is-layout-flex\">\n<div class=\"wp-block-column is-layout-flow wp-block-column-is-layout-flow\"><div class=\"wp-block-image\">\n<figure class=\"aligncenter size-full\"><img loading=\"lazy\" decoding=\"async\" width=\"576\" height=\"806\" src=\"http:\/\/www.chez-prisc-chris.com\/blog\/wp-content\/uploads\/2022\/10\/Capture-de\u0301cran-2022-10-21-a\u0300-14.49.15.png\" alt=\"\" class=\"wp-image-1844\" srcset=\"https:\/\/www.chez-prisc-chris.com\/blog\/wp-content\/uploads\/2022\/10\/Capture-de\u0301cran-2022-10-21-a\u0300-14.49.15.png 576w, https:\/\/www.chez-prisc-chris.com\/blog\/wp-content\/uploads\/2022\/10\/Capture-de\u0301cran-2022-10-21-a\u0300-14.49.15-214x300.png 214w\" sizes=\"auto, (max-width: 576px) 100vw, 576px\" \/><\/figure>\n<\/div><\/div>\n\n\n\n<div class=\"wp-block-column is-layout-flow wp-block-column-is-layout-flow\"><div class=\"wp-block-image\">\n<figure class=\"aligncenter size-full\"><img loading=\"lazy\" decoding=\"async\" width=\"516\" height=\"732\" src=\"http:\/\/www.chez-prisc-chris.com\/blog\/wp-content\/uploads\/2022\/10\/Capture-de\u0301cran-2022-10-21-a\u0300-14.49.58.png\" alt=\"\" class=\"wp-image-1845\" srcset=\"https:\/\/www.chez-prisc-chris.com\/blog\/wp-content\/uploads\/2022\/10\/Capture-de\u0301cran-2022-10-21-a\u0300-14.49.58.png 516w, https:\/\/www.chez-prisc-chris.com\/blog\/wp-content\/uploads\/2022\/10\/Capture-de\u0301cran-2022-10-21-a\u0300-14.49.58-211x300.png 211w\" sizes=\"auto, (max-width: 516px) 100vw, 516px\" \/><\/figure>\n<\/div><\/div>\n\n\n\n<div class=\"wp-block-column is-layout-flow wp-block-column-is-layout-flow\"><div class=\"wp-block-image\">\n<figure class=\"aligncenter size-full\"><img loading=\"lazy\" decoding=\"async\" width=\"500\" height=\"718\" src=\"http:\/\/www.chez-prisc-chris.com\/blog\/wp-content\/uploads\/2022\/10\/Capture-de\u0301cran-2022-10-21-a\u0300-14.50.25.png\" alt=\"\" class=\"wp-image-1846\" srcset=\"https:\/\/www.chez-prisc-chris.com\/blog\/wp-content\/uploads\/2022\/10\/Capture-de\u0301cran-2022-10-21-a\u0300-14.50.25.png 500w, https:\/\/www.chez-prisc-chris.com\/blog\/wp-content\/uploads\/2022\/10\/Capture-de\u0301cran-2022-10-21-a\u0300-14.50.25-209x300.png 209w\" sizes=\"auto, (max-width: 500px) 100vw, 500px\" \/><\/figure>\n<\/div><\/div>\n<\/div>\n\n\n\n<h3 class=\"wp-block-heading\">Exemples de ressources num\u00e9riques gratuites<\/h3>\n\n\n\n<p>En <strong>cliquant sur les liens<\/strong> ci-dessous, tu pourras acc\u00e9der \u00e0 <strong>diff\u00e9rents sites <\/strong>qui te proposent du mat\u00e9riel pour <strong>t&rsquo;entra\u00eener au DELF B1<\/strong> :<\/p>\n\n\n\n<ul class=\"wp-block-list\">\n<li><a href=\"https:\/\/www.france-education-international.fr\/diplome\/delf-tout-public\/niveau-b1\"><strong><em>France \u00c9ducation International<\/em><\/strong> :<\/a> le site minist\u00e9riel fran\u00e7ais.<\/li>\n\n\n\n<li><strong><em><a href=\"http:\/\/www.delfdalf.fr\/exemples-sujets-delf-b1-tous-publics.html\">DelfDalf<\/a><\/em><\/strong> <\/li>\n\n\n\n<li><strong><em><a href=\"https:\/\/www.francepodcasts.com\/examens-de-francais\/delf-b1-examen\/\" data-type=\"URL\" data-id=\"https:\/\/www.francepodcasts.com\/examens-de-francais\/delf-b1-examen\/\">France Podcasts<\/a><\/em><\/strong> <\/li>\n<\/ul>\n\n\n\n<p><\/p>\n\n\n\n<p><strong>L&rsquo;examen du DELF<\/strong>, ce n&rsquo;est bien s\u00fbr <strong>pas seulement<\/strong> l&rsquo;\u00e9preuve de <strong>production orale du B1<\/strong>. <br>Il existe bien entendu d&rsquo;autres niveaux et d&rsquo;autres \u00e9preuves&#8230; Pour <strong>plus d&rsquo;informations sur le DELF<\/strong>, les <strong>modalit\u00e9s d&rsquo;inscription,<\/strong> la <strong>certification<\/strong>, le <strong>co\u00fbt,<\/strong> les <strong>centres d&rsquo;examens<\/strong>, etc, tu peux lire l&rsquo;article que j&rsquo;ai publi\u00e9 \u00e0 ce sujet : <strong><em><a href=\"https:\/\/www.chez-prisc-chris.com\/blog\/le-delf-quest-ce-que-cest\/\">Le DELF, qu&rsquo;est-ce que c&rsquo;est ?<\/a><\/em><\/strong><\/p>\n\n\n\n<p><\/p>\n\n\n\n<h3 class=\"wp-block-heading\">Petite remarque !<\/h3>\n\n\n\n<p>Pour mettre toutes les chances de ton c\u00f4t\u00e9, mieux vaut <strong>suivre une formation<\/strong> pour te pr\u00e9parer \u00e0 l&rsquo;examen. Alors <a href=\"https:\/\/www.chez-prisc-chris.com\/en\/index.php\">contacte-nous<\/a> ! <br><strong>Christian est membre du jury du DELF<\/strong>. <strong>Moi<\/strong>, <strong>je l&rsquo;ai longtemps \u00e9t\u00e9.<\/strong>.. Une <strong>garantie<\/strong> pour <strong>la r\u00e9ussite <\/strong>\u00e0 tes <strong>futurs examens de fran\u00e7ais.<\/strong><\/p>\n\n\n\n<h2 class=\"wp-block-heading\">Cet article t&rsquo;a plu ?<\/h2>\n\n\n\n<a href=\"https:\/\/www.buymeacoffee.com\/learnfrenchfun\" target=\"_blank\" title=\"Offre-moi un caf\u00e9 :)\" rel=\"noopener\"><img decoding=\"async\" src=\"https:\/\/www.chez-prisc-chris.com\/habillage-blog\/bmc-fr.png\" alt=\"Offre-moi un caf\u00e9 sur BuyMeACoffee\" style=\"margin: 0 auto\"><\/a>\n","protected":false},"excerpt":{"rendered":"<p>Passer un examen oral en fran\u00e7ais est bien souvent intimidant pour les \u00e9tudiants.<br \/>\nDans cet article, j&rsquo;ai choisi de me focaliser sur un exemple : l&rsquo;\u00e9preuve de production orale du DELF B1, l&rsquo;un des examens de fran\u00e7ais les plus souvent pr\u00e9sent\u00e9s par les \u00e9trangers.<br \/>\nLa pr\u00e9sentation des modalit\u00e9s de cette \u00e9preuve et les conseils que je te donne te permettront de mettre toutes les chances de ton c\u00f4t\u00e9 le Jour J&#8230;<\/p>\n","protected":false},"author":2,"featured_media":1190,"comment_status":"open","ping_status":"open","sticky":false,"template":"","format":"standard","meta":{"_uag_custom_page_level_css":"","_kad_post_transparent":"","_kad_post_title":"","_kad_post_layout":"","_kad_post_sidebar_id":"","_kad_post_content_style":"","_kad_post_vertical_padding":"","_kad_post_feature":"","_kad_post_feature_position":"","_kad_post_header":false,"_kad_post_footer":false,"footnotes":""},"categories":[9],"tags":[],"class_list":["post-1826","post","type-post","status-publish","format-standard","has-post-thumbnail","hentry","category-examen-francais"],"uagb_featured_image_src":{"full":["https:\/\/www.chez-prisc-chris.com\/blog\/wp-content\/uploads\/2022\/08\/emiliano-vittoriosi-0N_azCmUmcg-unsplash-1-scaled.jpg",2560,1700,false],"thumbnail":["https:\/\/www.chez-prisc-chris.com\/blog\/wp-content\/uploads\/2022\/08\/emiliano-vittoriosi-0N_azCmUmcg-unsplash-1-150x150.jpg",150,150,true],"medium":["https:\/\/www.chez-prisc-chris.com\/blog\/wp-content\/uploads\/2022\/08\/emiliano-vittoriosi-0N_azCmUmcg-unsplash-1-300x199.jpg",300,199,true],"medium_large":["https:\/\/www.chez-prisc-chris.com\/blog\/wp-content\/uploads\/2022\/08\/emiliano-vittoriosi-0N_azCmUmcg-unsplash-1-768x510.jpg",768,510,true],"large":["https:\/\/www.chez-prisc-chris.com\/blog\/wp-content\/uploads\/2022\/08\/emiliano-vittoriosi-0N_azCmUmcg-unsplash-1-1024x680.jpg",1024,680,true],"hd_qu_size2":["https:\/\/www.chez-prisc-chris.com\/blog\/wp-content\/uploads\/2022\/08\/emiliano-vittoriosi-0N_azCmUmcg-unsplash-1-scaled.jpg",400,266,false],"1536x1536":["https:\/\/www.chez-prisc-chris.com\/blog\/wp-content\/uploads\/2022\/08\/emiliano-vittoriosi-0N_azCmUmcg-unsplash-1-1536x1020.jpg",1536,1020,true],"2048x2048":["https:\/\/www.chez-prisc-chris.com\/blog\/wp-content\/uploads\/2022\/08\/emiliano-vittoriosi-0N_azCmUmcg-unsplash-1-2048x1360.jpg",2048,1360,true]},"uagb_author_info":{"display_name":"Priscilla","author_link":"https:\/\/www.chez-prisc-chris.com\/blog\/author\/prisc\/"},"uagb_comment_info":2,"uagb_excerpt":"Passer un examen oral en fran\u00e7ais est bien souvent intimidant pour les \u00e9tudiants. Dans cet article, j'ai choisi de me focaliser sur un exemple : l'\u00e9preuve de production orale du DELF B1, l'un des examens de fran\u00e7ais les plus souvent pr\u00e9sent\u00e9s par les \u00e9trangers. La pr\u00e9sentation des modalit\u00e9s de cette \u00e9preuve et les conseils que\u2026","_links":{"self":[{"href":"https:\/\/www.chez-prisc-chris.com\/blog\/wp-json\/wp\/v2\/posts\/1826","targetHints":{"allow":["GET"]}}],"collection":[{"href":"https:\/\/www.chez-prisc-chris.com\/blog\/wp-json\/wp\/v2\/posts"}],"about":[{"href":"https:\/\/www.chez-prisc-chris.com\/blog\/wp-json\/wp\/v2\/types\/post"}],"author":[{"embeddable":true,"href":"https:\/\/www.chez-prisc-chris.com\/blog\/wp-json\/wp\/v2\/users\/2"}],"replies":[{"embeddable":true,"href":"https:\/\/www.chez-prisc-chris.com\/blog\/wp-json\/wp\/v2\/comments?post=1826"}],"version-history":[{"count":14,"href":"https:\/\/www.chez-prisc-chris.com\/blog\/wp-json\/wp\/v2\/posts\/1826\/revisions"}],"predecessor-version":[{"id":2398,"href":"https:\/\/www.chez-prisc-chris.com\/blog\/wp-json\/wp\/v2\/posts\/1826\/revisions\/2398"}],"wp:featuredmedia":[{"embeddable":true,"href":"https:\/\/www.chez-prisc-chris.com\/blog\/wp-json\/wp\/v2\/media\/1190"}],"wp:attachment":[{"href":"https:\/\/www.chez-prisc-chris.com\/blog\/wp-json\/wp\/v2\/media?parent=1826"}],"wp:term":[{"taxonomy":"category","embeddable":true,"href":"https:\/\/www.chez-prisc-chris.com\/blog\/wp-json\/wp\/v2\/categories?post=1826"},{"taxonomy":"post_tag","embeddable":true,"href":"https:\/\/www.chez-prisc-chris.com\/blog\/wp-json\/wp\/v2\/tags?post=1826"}],"curies":[{"name":"wp","href":"https:\/\/api.w.org\/{rel}","templated":true}]}}