{"id":1636,"date":"2022-09-21T18:36:19","date_gmt":"2022-09-21T16:36:19","guid":{"rendered":"http:\/\/www.chez-prisc-chris.com\/blog\/?p=1636"},"modified":"2022-09-21T18:36:19","modified_gmt":"2022-09-21T16:36:19","slug":"le-dalf-quest-ce-que-cest","status":"publish","type":"post","link":"https:\/\/www.chez-prisc-chris.com\/blog\/le-dalf-quest-ce-que-cest\/","title":{"rendered":"Le DALF, qu&rsquo;est-ce que c&rsquo;est ?"},"content":{"rendered":"\n<p><em><strong>DALF<\/strong> <\/em>est l&rsquo;<strong>acronyme <\/strong>de <em><strong>Dipl\u00f4me Approfondi de Langue Fran\u00e7aise<\/strong><\/em>. C&rsquo;est un <strong>certificat de fran\u00e7ais<\/strong> <strong>pour les \u00e9trangers<\/strong>, cr\u00e9\u00e9 en 1985 par le <em><strong>Minist\u00e8re Fran\u00e7ais de l&rsquo;\u00c9ducation Nationale<\/strong>.<\/em><\/p>\n\n\n\n<p>Il existe <strong>2 niveaux du DALF<\/strong> <strong>: <em>le DALF C1 et le DALF C2<\/em><\/strong> et tu peux les passer <strong>ind\u00e9pendamment<\/strong>, comme c&rsquo;est le cas pour les <em><strong>6 examens du DELF (A1, A2, B1, B2)<\/strong>. <\/em><br><br>Cela signifie que tu n&rsquo;es <strong>pas oblig\u00e9 d&rsquo;avoir acquis le DALF C1<\/strong> pour <strong>te pr\u00e9senter aux \u00e9preuves du DALF C2.<\/strong><\/p>\n\n\n\n<pre class=\"wp-block-verse\"><strong>Ce que tu apprendras dans cet article :<\/strong>\n\n\ud83d\udccc Des informations sur les comp\u00e9tences linguistiques des niveaux C1 et C2,\n\ud83d\udccc Des informations concr\u00e8tes sur les examens du DALF, \n\ud83d\udccc Des informations pratiques pour t'inscrire au DALF.<\/pre>\n\n\n\n<h2 class=\"wp-block-heading\">Le DALF, 2 niveaux d&rsquo;examen<\/h2>\n\n\n\n<p>Les <strong>examens du DALF C1 et C2<\/strong> sont align\u00e9s sur les <strong>niveaux C1 et C2 <\/strong>du <strong>CECRL<\/strong> (encore un <em>acronyme<\/em>, d\u00e9sol\u00e9e !) c&rsquo;est-\u00e0-dire le <em><strong>Cadre Europ\u00e9en Commun de R\u00e9f\u00e9rence pour les Langues<\/strong><\/em> du <strong><em>Conseil de l&rsquo;Europe. <\/em><\/strong><br><br><strong>Le CECRL<\/strong>, c&rsquo;est en quelque sorte un <strong>classement <\/strong>qui te permettra d&rsquo;<strong>\u00e9valuer<\/strong> ton <strong>niveau de connaissance du fran\u00e7ais<\/strong>, mais \u00e9galement de <strong>toute autre langue \u00e9trang\u00e8re<\/strong>.<\/p>\n\n\n\n<h3 class=\"wp-block-heading\">Le niveau C1 du <em>Cadre Europ\u00e9en de <strong>R\u00e9f\u00e9rence pour les Langues<\/strong> <\/em><\/h3>\n\n\n\n<p><strong>Le niveau C1<\/strong> correspond \u00e0 un niveau d&rsquo;<strong>utilisateur exp\u00e9riment\u00e9<\/strong> <em>(niveau autonome)<\/em>.<br><strong>Si tu as un niveau C1 <\/strong>en fran\u00e7ais, tu peux :<\/p>\n\n\n\n<ul class=\"has-theme-palette-1-color has-text-color wp-block-list\"><li><em>\u00e9couter et comprendre le fran\u00e7ais parl\u00e9 en continu (discours, films, \u00e9missions).<\/em><\/li><li><em>lire de longs textes sp\u00e9cifiques sur un domaine inconnu et saisir des significations implicites,<\/em><\/li><li><em>d\u00e9celer et appr\u00e9cier les diff\u00e9rences de styles d\u2019\u00e9criture dans les textes litt\u00e9raires,<\/em><\/li><li><em>t\u2019exprimer couramment \u00e0 l&rsquo;oral sans chercher tes mots, exprimer tes id\u00e9es et opinions de mani\u00e8re fluide et efficace, dans la vie sociale, professionnelle ou acad\u00e9mique,<\/em><\/li><li><em>t&rsquo;exprimer sur des sujets complexes de fa\u00e7on claire et bien structur\u00e9e et manifester ton contr\u00f4le des outils linguistiques d&rsquo;organisation, d&rsquo;articulation et de coh\u00e9sion du discours,<\/em><\/li><li><em>\u00e9crire \u00e0 propos de sujets complexes, avec peu d\u2019erreurs, de mani\u00e8re d\u00e9taill\u00e9e et construite en utilisant un style adapt\u00e9 au destinataire.<\/em><\/li><\/ul>\n\n\n<div class=\"wp-block-image\">\n<figure class=\"aligncenter size-large is-resized\"><img loading=\"lazy\" decoding=\"async\" src=\"http:\/\/www.chez-prisc-chris.com\/blog\/wp-content\/uploads\/2022\/09\/E\u0302tre-1024x683.png\" alt=\"\" class=\"wp-image-1649\" width=\"477\" height=\"317\" srcset=\"https:\/\/www.chez-prisc-chris.com\/blog\/wp-content\/uploads\/2022\/09\/E\u0302tre-1024x683.png 1024w, https:\/\/www.chez-prisc-chris.com\/blog\/wp-content\/uploads\/2022\/09\/E\u0302tre-300x200.png 300w, https:\/\/www.chez-prisc-chris.com\/blog\/wp-content\/uploads\/2022\/09\/E\u0302tre-768x512.png 768w, https:\/\/www.chez-prisc-chris.com\/blog\/wp-content\/uploads\/2022\/09\/E\u0302tre.png 1200w\" sizes=\"auto, (max-width: 477px) 100vw, 477px\" \/><\/figure>\n<\/div>\n\n\n<h3 class=\"wp-block-heading\">Le niveau C2 du <em>Cadre Europ\u00e9en de <strong>R\u00e9f\u00e9rence pour les Langues<\/strong><\/em><\/h3>\n\n\n\n<p><strong>Le niveau C2 <\/strong>est le plus haut niveau de ma\u00eetrise de la langue fran\u00e7aise (ou de toute autre langue) destin\u00e9 aux apprenants \u00e9trangers. <br>Il correspond \u00e0 un niveau d&rsquo;<strong>utilisateur exp\u00e9riment\u00e9 <\/strong><em>(niveau ma\u00eetrise).<\/em><br><strong>Si tu as un niveau C2 <\/strong>en fran\u00e7ais, tu peux :<\/p>\n\n\n\n<ul class=\"has-theme-palette-1-color has-text-color wp-block-list\"><li><em>comprendre sans effort pratiquement tout ce qui est lu ou entendu, <\/em><\/li><li><em>restituer des faits et des arguments issus de diverses sources \u00e9crites et orales en les r\u00e9sumant de fa\u00e7on coh\u00e9rente,<\/em><\/li><li><em>t&rsquo;exprimer spontan\u00e9ment, tr\u00e8s couramment, de fa\u00e7on pr\u00e9cise et rendre distinctes de fines nuances de sens en rapport avec des sujets complexes.<\/em><\/li><li><em>\u00eatre \u00e0 l\u2019aise avec les expressions idiomatiques et les tournures courantes du fran\u00e7ais oral.<\/em><\/li><li><em>r\u00e9diger des rapports concrets, des critiques ou des r\u00e9sum\u00e9s.<\/em><\/li><\/ul>\n\n\n\n<h2 class=\"wp-block-heading\">Pourquoi passer le DALF ?<\/h2>\n\n\n\n<p>R\u00e9ussir un examen est <strong>toujours gratifiant<\/strong> et si tu <strong>r\u00e9ussis<\/strong> un <strong>examen du DALF<\/strong>, ce sera la <strong>preuve <\/strong>que tes <strong>\u00e9tudes<\/strong> ont <strong>port\u00e9 leurs fruits<\/strong>. <br>Tu peux donc envisager de <strong>passer le DALF <\/strong>pour des <strong>raisons purement personnelles<\/strong>, pour te fixer <strong>un but, un d\u00e9fi<\/strong>.<\/p>\n\n\n\n<p>Par ailleurs, <strong>l&rsquo;obtention du DALF <\/strong>(C1 ou C2, \u00e7a d\u00e9pend) est souvent <strong>un pr\u00e9-requis<\/strong> qui te permettra de <strong>t&rsquo;inscrire <\/strong>dans une <strong>Universit\u00e9 <\/strong>ou une <strong>Grande \u00c9cole<\/strong> fran\u00e7aise.<\/p>\n\n\n\n<p>Mais \u00eatre <strong>d\u00e9tenteur du DALF<\/strong> est <strong>\u00e9galement<\/strong> tr\u00e8s <strong>valorisant <\/strong>sur un <strong><em>Curriculum Vitae<\/em><\/strong><em> <\/em>si tu souhaites <strong>travailler <\/strong>dans un <strong>pays francophone<\/strong>, par exemple. <br>Tu peux bien s\u00fbr <strong>\u00e9valuer<\/strong> ton niveau de fran\u00e7ais de cette mani\u00e8re sur ton CV : <em>d\u00e9butant-interm\u00e9diaire-avanc\u00e9<\/em>&#8230;<br>C&rsquo;est toutefois tr\u00e8s <strong>subjectif <\/strong>et ne donne pas une <strong>id\u00e9e<\/strong> <strong>claire et pr\u00e9cise<\/strong> de tes <strong>comp\u00e9tences linguistiques. <\/strong><\/p>\n\n\n\n<p>Mais <strong>en \u00e9crivant sur ton CV<\/strong> : <em><strong>2022 &#8211; R\u00e9ussite au DALF C1<\/strong><\/em> <strong><em>(Production \u00e9crite 17\/25, Production orale 22\/25, Compr\u00e9hension \u00e9crite : 20\/25, Production \u00e9crite : 19\/25)<\/em>, <\/strong>tu donneras une <strong>\u00e9valuation crit\u00e9ri\u00e9e<\/strong> de ta <strong>ma\u00eetrise de la langue fran\u00e7aise<\/strong> dans <strong>chacune des comp\u00e9tences.<\/strong> <br>C&rsquo;est quand m\u00eame mieux, non ?!!!<\/p>\n\n\n<div class=\"wp-block-image\">\n<figure class=\"aligncenter size-large is-resized\"><img loading=\"lazy\" decoding=\"async\" src=\"http:\/\/www.chez-prisc-chris.com\/blog\/wp-content\/uploads\/2022\/09\/say-yes-to-the-live-g7495ee123_1280-1024x768.jpg\" alt=\"\" class=\"wp-image-1650\" width=\"498\" height=\"373\" srcset=\"https:\/\/www.chez-prisc-chris.com\/blog\/wp-content\/uploads\/2022\/09\/say-yes-to-the-live-g7495ee123_1280-1024x768.jpg 1024w, https:\/\/www.chez-prisc-chris.com\/blog\/wp-content\/uploads\/2022\/09\/say-yes-to-the-live-g7495ee123_1280-300x225.jpg 300w, https:\/\/www.chez-prisc-chris.com\/blog\/wp-content\/uploads\/2022\/09\/say-yes-to-the-live-g7495ee123_1280-768x576.jpg 768w, https:\/\/www.chez-prisc-chris.com\/blog\/wp-content\/uploads\/2022\/09\/say-yes-to-the-live-g7495ee123_1280.jpg 1280w\" sizes=\"auto, (max-width: 498px) 100vw, 498px\" \/><\/figure>\n<\/div>\n\n\n<h2 class=\"wp-block-heading\">DALF C1 : 1 examen, 4 \u00e9preuves<\/h2>\n\n\n\n<p>Que tu passes<strong> le DELF ou le DALF C1<\/strong>, la <strong>structure restera la m\u00eame<\/strong> : chaque examen sera compos\u00e9 de <strong>4 \u00e9preuves<\/strong> :<\/p>\n\n\n\n<ul class=\"wp-block-list\"><li>La <strong>compr\u00e9hension des \u00e9crits<\/strong> pour \u00e9valuer tes capacit\u00e9s \u00e0 saisir le sens d\u2019un texte en fran\u00e7ais.<\/li><li>La <strong>compr\u00e9hension de l\u2019oral<\/strong> pour examiner ton habilet\u00e9 \u00e0 comprendre le fran\u00e7ais parl\u00e9 (conversation, podcast, \u00e9mission de radio\u2026).<\/li><li>La <strong>production \u00e9crite<\/strong> pour v\u00e9rifier tes comp\u00e9tences quand il s&rsquo;agit de r\u00e9diger un texte en fran\u00e7ais.<\/li><li>La <strong>production orale<\/strong> pour \u00e9valuer ta prise de parole en fran\u00e7ais.<\/li><\/ul>\n\n\n\n<h3 class=\"wp-block-heading\">Description d\u00e9taill\u00e9e des \u00e9preuves du DALF C1<\/h3>\n\n\n\n<p><strong>Chaque \u00e9preuve<\/strong> est \u00e9valu\u00e9e sur <strong>25 points<\/strong>. <br>Une note <strong>inf\u00e9rieure \u00e0 5 points<\/strong> sur 25 est <strong>\u00e9liminatoire<\/strong>. <br>Pour <strong>obtenir le dipl\u00f4me<\/strong>, il faut avoir un <strong>minimum de 50 points<\/strong> cumul\u00e9s entre <strong>les 4 \u00e9preuves<\/strong>. <\/p>\n\n\n<div class=\"wp-block-image\">\n<figure class=\"aligncenter size-full\"><img loading=\"lazy\" decoding=\"async\" width=\"687\" height=\"590\" src=\"http:\/\/www.chez-prisc-chris.com\/blog\/wp-content\/uploads\/2022\/09\/Capture-de\u0301cran-2022-09-21-a\u0300-16.50.40.png\" alt=\"\" class=\"wp-image-1640\" srcset=\"https:\/\/www.chez-prisc-chris.com\/blog\/wp-content\/uploads\/2022\/09\/Capture-de\u0301cran-2022-09-21-a\u0300-16.50.40.png 687w, https:\/\/www.chez-prisc-chris.com\/blog\/wp-content\/uploads\/2022\/09\/Capture-de\u0301cran-2022-09-21-a\u0300-16.50.40-300x258.png 300w\" sizes=\"auto, (max-width: 687px) 100vw, 687px\" \/><\/figure>\n<\/div>\n\n<div class=\"wp-block-image\">\n<figure class=\"aligncenter size-full\"><img loading=\"lazy\" decoding=\"async\" width=\"687\" height=\"266\" src=\"http:\/\/www.chez-prisc-chris.com\/blog\/wp-content\/uploads\/2022\/09\/Capture-de\u0301cran-2022-09-21-a\u0300-16.50.56.png\" alt=\"\" class=\"wp-image-1641\" srcset=\"https:\/\/www.chez-prisc-chris.com\/blog\/wp-content\/uploads\/2022\/09\/Capture-de\u0301cran-2022-09-21-a\u0300-16.50.56.png 687w, https:\/\/www.chez-prisc-chris.com\/blog\/wp-content\/uploads\/2022\/09\/Capture-de\u0301cran-2022-09-21-a\u0300-16.50.56-300x116.png 300w\" sizes=\"auto, (max-width: 687px) 100vw, 687px\" \/><\/figure>\n<\/div>\n\n\n<h3 class=\"wp-block-heading\">Le lien vers un exemple pour les 4 \u00e9preuves du DALF C1<\/h3>\n\n\n\n<p>Tu trouveras ici <a href=\"https:\/\/www.france-education-international.fr\/diplome\/dalf\/exemples-sujets?langue=fr\">un exemple d&rsquo;examen<\/a>, avec les fichiers-sons pour la compr\u00e9hension orale, la transcription des audios, les bar\u00e8mes de notation et la correction.<\/p>\n\n\n\n<h2 class=\"wp-block-heading\">DALF C2 : 1 examen, 2 \u00e9preuves<\/h2>\n\n\n\n<p>Contrairement aux autres \u00e9preuves du DELF et au DALF C1,<strong> le DALF C2<\/strong> ne se compose pas de 4 \u00e9preuves, mais <strong>de 2<\/strong> : une <strong>\u00e9preuve collective <\/strong>et une <strong>\u00e9preuve individuelle<\/strong> pendant laquelle tu seras <strong>seul face \u00e0 un jury<\/strong>.<\/p>\n\n\n<div class=\"wp-block-image\">\n<figure class=\"aligncenter size-large is-resized\"><img loading=\"lazy\" decoding=\"async\" src=\"http:\/\/www.chez-prisc-chris.com\/blog\/wp-content\/uploads\/2022\/09\/Copie-de-Sans-titre-1024x683.png\" alt=\"\" class=\"wp-image-1651\" width=\"515\" height=\"343\" srcset=\"https:\/\/www.chez-prisc-chris.com\/blog\/wp-content\/uploads\/2022\/09\/Copie-de-Sans-titre-1024x683.png 1024w, https:\/\/www.chez-prisc-chris.com\/blog\/wp-content\/uploads\/2022\/09\/Copie-de-Sans-titre-300x200.png 300w, https:\/\/www.chez-prisc-chris.com\/blog\/wp-content\/uploads\/2022\/09\/Copie-de-Sans-titre-768x512.png 768w, https:\/\/www.chez-prisc-chris.com\/blog\/wp-content\/uploads\/2022\/09\/Copie-de-Sans-titre.png 1200w\" sizes=\"auto, (max-width: 515px) 100vw, 515px\" \/><\/figure>\n<\/div>\n\n\n<h2 class=\"wp-block-heading\">Description d\u00e9taill\u00e9e des \u00e9preuves du DALF C2<\/h2>\n\n\n\n<p><strong>Chaque \u00e9preuve<\/strong> est \u00e9valu\u00e9e sur <strong>50 points<\/strong>. Obtenir <strong>moins de 10 points<\/strong> \u00e0 l&rsquo;une des deux \u00e9preuves est une <strong>note \u00e9liminatoire<\/strong>. <br><strong>Pour r\u00e9ussir l&rsquo;examen<\/strong>, il te faudra avoir une <strong>note sup\u00e9rieure \u00e0 50 points sur 100<\/strong>. <\/p>\n\n\n<div class=\"wp-block-image\">\n<figure class=\"aligncenter size-full\"><img loading=\"lazy\" decoding=\"async\" width=\"687\" height=\"559\" src=\"http:\/\/www.chez-prisc-chris.com\/blog\/wp-content\/uploads\/2022\/09\/Capture-de\u0301cran-2022-09-21-a\u0300-17.05.44.png\" alt=\"\" class=\"wp-image-1642\" srcset=\"https:\/\/www.chez-prisc-chris.com\/blog\/wp-content\/uploads\/2022\/09\/Capture-de\u0301cran-2022-09-21-a\u0300-17.05.44.png 687w, https:\/\/www.chez-prisc-chris.com\/blog\/wp-content\/uploads\/2022\/09\/Capture-de\u0301cran-2022-09-21-a\u0300-17.05.44-300x244.png 300w\" sizes=\"auto, (max-width: 687px) 100vw, 687px\" \/><\/figure>\n<\/div>\n\n\n<h3 class=\"wp-block-heading\">Le lien vers un exemple pour les 4 \u00e9preuves du DALF C2<\/h3>\n\n\n\n<p>Tu trouveras ici <a href=\"https:\/\/www.france-education-international.fr\/diplome\/dalf\/dalf-c2-exemples-de-sujets\">2 exemples d&rsquo;examen<\/a> avec les fichiers-sons pour la compr\u00e9hension orale, la transcription des audios, les bar\u00e8mes de notation et la correction.<\/p>\n\n\n\n<p><\/p>\n\n\n\n<h2 class=\"wp-block-heading\">Si tu veux t&rsquo;inscrire au DALF&#8230;<\/h2>\n\n\n\n<p>Il existe des <strong>centres de passation du DALF en France et \u00e0 l&rsquo;\u00e9tranger <\/strong>et tu peux t&rsquo;inscrire <strong>directement<\/strong> aux \u00e9preuves <strong>C1-C2,<\/strong> sans <strong>passer par une \u00e9cole de fran\u00e7ais<\/strong>. <br>On dit alors que tu te pr\u00e9sentes en <strong>candidat libre<\/strong>. <\/p>\n\n\n\n<p>Si tel est ton cas, <strong>renseigne-toi sur le site<\/strong> de <a href=\"https:\/\/www.france-education-international.fr\/\">France \u00c9ducation International<\/a>, <strong>l&rsquo;organisme <\/strong>qui g\u00e8re <strong>la passation et la correction des \u00e9preuves<\/strong>. <br>Tu y trouveras les <strong>adresses des centres<\/strong> <strong>agr\u00e9\u00e9s<\/strong> de passation des <strong>examens du DALF<\/strong>. <\/p>\n\n\n\n<p><strong>Pour t&rsquo;inscrire,<\/strong> tu devras <strong>remplir un formulaire<\/strong> aupr\u00e8s du centre de passation que tu auras choisi. On te demandera de <strong>fournir une copie de ta pi\u00e8ce d&rsquo;identit\u00e9<\/strong> et de <strong>t&rsquo;acquitter des frais d&rsquo;inscription.<\/strong><\/p>\n\n\n\n<h2 class=\"wp-block-heading\">Combien co\u00fbte l&rsquo;examen du DALF ?<\/h2>\n\n\n\n<p><strong>Les frais de passation<\/strong> varient selon les<strong> ann\u00e9es<\/strong>, selon les <strong>centres d&rsquo;examens<\/strong>, les <strong>villes<\/strong> ou les <strong>pays<\/strong>&#8230; Alors <strong>renseigne-toi<\/strong> bien avant de t&rsquo;inscrire ! <\/p>\n\n\n\n<p>Pour te donner <strong>un ordre d&rsquo;id\u00e9e<\/strong>, les <strong>co\u00fbts de passation<\/strong> en 2021 pouvaient s&rsquo;\u00e9lever <strong>entre 180 et 350 euros.<\/strong><\/p>\n\n\n\n<h2 class=\"wp-block-heading\">Si tu \u00e9choues, p<strong>as de panique<\/strong> !<\/h2>\n\n\n\n<p>Comme c&rsquo;est le cas pour les \u00e9preuves du DELF, tu peux <strong>repasser l&rsquo;examen<\/strong> du DALF <strong>autant de fois que n\u00e9cessaire <\/strong>pour <strong>obtenir ton examen<\/strong> : <strong>il n&rsquo;y a pas de limite<\/strong> !<\/p>\n\n\n<div class=\"wp-block-image\">\n<figure class=\"aligncenter size-large is-resized\"><img loading=\"lazy\" decoding=\"async\" src=\"http:\/\/www.chez-prisc-chris.com\/blog\/wp-content\/uploads\/2022\/09\/attractive-excited-brunette-girl-in-sweater-joyfully-opening-envelope-with-exam-results-on-camera-isolated-scaled-1-1024x576.jpg\" alt=\"\" class=\"wp-image-1652\" width=\"542\" height=\"304\" srcset=\"https:\/\/www.chez-prisc-chris.com\/blog\/wp-content\/uploads\/2022\/09\/attractive-excited-brunette-girl-in-sweater-joyfully-opening-envelope-with-exam-results-on-camera-isolated-scaled-1-1024x576.jpg 1024w, https:\/\/www.chez-prisc-chris.com\/blog\/wp-content\/uploads\/2022\/09\/attractive-excited-brunette-girl-in-sweater-joyfully-opening-envelope-with-exam-results-on-camera-isolated-scaled-1-300x169.jpg 300w, https:\/\/www.chez-prisc-chris.com\/blog\/wp-content\/uploads\/2022\/09\/attractive-excited-brunette-girl-in-sweater-joyfully-opening-envelope-with-exam-results-on-camera-isolated-scaled-1-768x432.jpg 768w, https:\/\/www.chez-prisc-chris.com\/blog\/wp-content\/uploads\/2022\/09\/attractive-excited-brunette-girl-in-sweater-joyfully-opening-envelope-with-exam-results-on-camera-isolated-scaled-1-1536x864.jpg 1536w, https:\/\/www.chez-prisc-chris.com\/blog\/wp-content\/uploads\/2022\/09\/attractive-excited-brunette-girl-in-sweater-joyfully-opening-envelope-with-exam-results-on-camera-isolated-scaled-1-2048x1152.jpg 2048w\" sizes=\"auto, (max-width: 542px) 100vw, 542px\" \/><\/figure>\n<\/div>\n\n\n<p>Mais bon, tu as probablement <em>\u00ab\u00a0d&rsquo;autres chats \u00e0 fouetter\u00a0\u00bb <\/em>(d&rsquo;autres choses \u00e0 faire) dans ta vie ! <strong>La cl\u00e9 du succ\u00e8s<\/strong>, comme c&rsquo;est le cas pour n&rsquo;importe quel examen, ce sera de <strong>bien te pr\u00e9parer avant <\/strong>de te pr\u00e9senter <strong>le Jour J<\/strong>, dans le <strong>centre de passation<\/strong>.<\/p>\n\n\n\n<p>Pour te pr\u00e9parer, <strong>diverses strat\u00e9gies<\/strong> s&rsquo;offrent \u00e0 toi : <strong>tu peux travailler seul(e)<\/strong> avec un <strong>manuel sp\u00e9cifique,<\/strong> il existe de nombreux <strong>\u00e9diteurs de livres de FLE<\/strong><em>. <\/em><br><em>Aaarrrggh&#8230; <strong>FLE&#8230;<\/strong> Encore un acronyme ! C&rsquo;est vraiment une maladie de la langue fran\u00e7aise !<\/em> <\/p>\n\n\n\n<p>Bref, <strong>FLE<\/strong>, \u00e7a veut dire <em><strong>Fran\u00e7ais Langue \u00c9trang\u00e8re<\/strong><\/em>.<br>ET&#8230; Tu trouveras <strong>beaucoup de livres de FLE <\/strong>pour <strong>pr\u00e9parer les examens du DALF<\/strong>, par exemple :<\/p>\n\n\n<div class=\"wp-block-image\">\n<figure class=\"aligncenter size-full\"><img loading=\"lazy\" decoding=\"async\" width=\"213\" height=\"300\" src=\"http:\/\/www.chez-prisc-chris.com\/blog\/wp-content\/uploads\/2022\/09\/th-1492072558.jpg\" alt=\"\" class=\"wp-image-1643\" \/><\/figure>\n<\/div>\n\n\n<p>Tu peux aussi <strong>choisir la carte de la s\u00e9curit\u00e9 <\/strong>et prendre un <strong>cours de fran\u00e7ais<\/strong> avec <strong>Christian <\/strong>ou <strong>avec moi<\/strong> ! Nous avons<strong> tous les 2<\/strong> une <strong>grande exp\u00e9rience<\/strong> des <strong>cours de pr\u00e9paration<\/strong> aux <strong>examens du DALF<\/strong>.<br><strong>Christian <\/strong>est d&rsquo;ailleurs <strong>membre actif du jury du DELF<\/strong>, et <strong>moi<\/strong>, <strong>je l&rsquo;ai \u00e9t\u00e9 pendant des ann\u00e9es !<\/strong><\/p>\n\n\n\n<p>Alors <a href=\"https:\/\/www.chez-prisc-chris.com\/fr\/index.php\">contacte-nous !<\/a> \ud83d\ude09<\/p>\n\n\n\n<h2 class=\"wp-block-heading\">Conclusion<\/h2>\n\n\n\n<p>Que ce soit par motivation personnelle, pour t&rsquo;inscrire dans l&rsquo;enseignement sup\u00e9rieur dans un pays francophone ou pour booster ton CV, \u00eatre d\u00e9tenteur d&rsquo;un dipl\u00f4me du DALF est ind\u00e9niablement un atout !<\/p>\n\n\n\n<p>Je ne te cacherai pas que les examens du DALF C1 et C2, sont ardus et que, pour mettre toutes les chances de ton c\u00f4t\u00e9, il va te falloir <em>\u00ab\u00a0donner un bon coup de collier\u00a0\u00bb.<\/em>.. C&rsquo;est-\u00e0-dire <em>travailler dur<\/em> ! Car le DALF est non seulement une validation de comp\u00e9tences en langue fran\u00e7aise proches du bilinguisme, mais c&rsquo;est \u00e9galement une m\u00e9thodologie au niveau de l&rsquo;examen qui est particuli\u00e8re et qu&rsquo;il convient d&rsquo;assimiler et de mettre en pratique.<\/p>\n\n\n\n<p>Mais <em>\u00ab\u00a0le jeu en vaut la chandelle\u00a0\u00bb <\/em>: contrairement \u00e0 d&rsquo;autres certifications en langue, le dipl\u00f4me du DALF est valide \u00e0 vie et il est par ailleurs reconnu dans le monde entier.<\/p>\n\n\n\n<p><\/p>\n\n\n\n<a href=\"https:\/\/www.buymeacoffee.com\/learnfrenchfun\" target=\"_blank\" title=\"Offre-moi un caf\u00e9 :)\" rel=\"noopener\"><img decoding=\"async\" src=\"https:\/\/www.chez-prisc-chris.com\/habillage-blog\/bmc-fr.png\" alt=\"Offre-moi un caf\u00e9 sur BuyMeACoffee\" style=\"margin: 0 auto\"><\/a>\n","protected":false},"excerpt":{"rendered":"<p>Il y a de nombreuses motivations qui peuvent te pousser \u00e0 te pr\u00e9senter aux \u00e9preuves du DALF C1 ou C2 : il peut s&rsquo;agir d&rsquo;une d\u00e9marche purement personnelle, un d\u00e9fi que tu t&rsquo;es fix\u00e9. Il est possible que tu aies besoin du dipl\u00f4me pour t&rsquo;inscrire dans une universit\u00e9 en France ou dans un pays francophone. A moins que tu ne veuilles mettre en avant dans ton CV tes excellentes comp\u00e9tences en langue fran\u00e7aise. Quoi qu&rsquo;il en soit, tu trouveras dans cet article tout ce que tu dois savoir sur le DALF !<\/p>\n","protected":false},"author":2,"featured_media":1646,"comment_status":"open","ping_status":"open","sticky":false,"template":"","format":"standard","meta":{"_uag_custom_page_level_css":"","_kad_post_transparent":"","_kad_post_title":"","_kad_post_layout":"","_kad_post_sidebar_id":"","_kad_post_content_style":"","_kad_post_vertical_padding":"","_kad_post_feature":"","_kad_post_feature_position":"","_kad_post_header":false,"_kad_post_footer":false,"footnotes":""},"categories":[9],"tags":[],"class_list":["post-1636","post","type-post","status-publish","format-standard","has-post-thumbnail","hentry","category-examen-francais"],"uagb_featured_image_src":{"full":["https:\/\/www.chez-prisc-chris.com\/blog\/wp-content\/uploads\/2022\/09\/portrait-of-cheerful-brunette-girl-with-red-lips-joyfully-winking-on-camera-over-colorful-background-scaled.jpg",2560,1440,false],"thumbnail":["https:\/\/www.chez-prisc-chris.com\/blog\/wp-content\/uploads\/2022\/09\/portrait-of-cheerful-brunette-girl-with-red-lips-joyfully-winking-on-camera-over-colorful-background-150x150.jpg",150,150,true],"medium":["https:\/\/www.chez-prisc-chris.com\/blog\/wp-content\/uploads\/2022\/09\/portrait-of-cheerful-brunette-girl-with-red-lips-joyfully-winking-on-camera-over-colorful-background-300x169.jpg",300,169,true],"medium_large":["https:\/\/www.chez-prisc-chris.com\/blog\/wp-content\/uploads\/2022\/09\/portrait-of-cheerful-brunette-girl-with-red-lips-joyfully-winking-on-camera-over-colorful-background-768x432.jpg",768,432,true],"large":["https:\/\/www.chez-prisc-chris.com\/blog\/wp-content\/uploads\/2022\/09\/portrait-of-cheerful-brunette-girl-with-red-lips-joyfully-winking-on-camera-over-colorful-background-1024x576.jpg",1024,576,true],"hd_qu_size2":["https:\/\/www.chez-prisc-chris.com\/blog\/wp-content\/uploads\/2022\/09\/portrait-of-cheerful-brunette-girl-with-red-lips-joyfully-winking-on-camera-over-colorful-background-scaled.jpg",400,225,false],"1536x1536":["https:\/\/www.chez-prisc-chris.com\/blog\/wp-content\/uploads\/2022\/09\/portrait-of-cheerful-brunette-girl-with-red-lips-joyfully-winking-on-camera-over-colorful-background-1536x864.jpg",1536,864,true],"2048x2048":["https:\/\/www.chez-prisc-chris.com\/blog\/wp-content\/uploads\/2022\/09\/portrait-of-cheerful-brunette-girl-with-red-lips-joyfully-winking-on-camera-over-colorful-background-2048x1152.jpg",2048,1152,true]},"uagb_author_info":{"display_name":"Priscilla","author_link":"https:\/\/www.chez-prisc-chris.com\/blog\/author\/prisc\/"},"uagb_comment_info":0,"uagb_excerpt":"Il y a de nombreuses motivations qui peuvent te pousser \u00e0 te pr\u00e9senter aux \u00e9preuves du DALF C1 ou C2 : il peut s'agir d'une d\u00e9marche purement personnelle, un d\u00e9fi que tu t'es fix\u00e9. Il est possible que tu aies besoin du dipl\u00f4me pour t'inscrire dans une universit\u00e9 en France ou dans un pays francophone.\u2026","_links":{"self":[{"href":"https:\/\/www.chez-prisc-chris.com\/blog\/wp-json\/wp\/v2\/posts\/1636","targetHints":{"allow":["GET"]}}],"collection":[{"href":"https:\/\/www.chez-prisc-chris.com\/blog\/wp-json\/wp\/v2\/posts"}],"about":[{"href":"https:\/\/www.chez-prisc-chris.com\/blog\/wp-json\/wp\/v2\/types\/post"}],"author":[{"embeddable":true,"href":"https:\/\/www.chez-prisc-chris.com\/blog\/wp-json\/wp\/v2\/users\/2"}],"replies":[{"embeddable":true,"href":"https:\/\/www.chez-prisc-chris.com\/blog\/wp-json\/wp\/v2\/comments?post=1636"}],"version-history":[{"count":6,"href":"https:\/\/www.chez-prisc-chris.com\/blog\/wp-json\/wp\/v2\/posts\/1636\/revisions"}],"predecessor-version":[{"id":1653,"href":"https:\/\/www.chez-prisc-chris.com\/blog\/wp-json\/wp\/v2\/posts\/1636\/revisions\/1653"}],"wp:featuredmedia":[{"embeddable":true,"href":"https:\/\/www.chez-prisc-chris.com\/blog\/wp-json\/wp\/v2\/media\/1646"}],"wp:attachment":[{"href":"https:\/\/www.chez-prisc-chris.com\/blog\/wp-json\/wp\/v2\/media?parent=1636"}],"wp:term":[{"taxonomy":"category","embeddable":true,"href":"https:\/\/www.chez-prisc-chris.com\/blog\/wp-json\/wp\/v2\/categories?post=1636"},{"taxonomy":"post_tag","embeddable":true,"href":"https:\/\/www.chez-prisc-chris.com\/blog\/wp-json\/wp\/v2\/tags?post=1636"}],"curies":[{"name":"wp","href":"https:\/\/api.w.org\/{rel}","templated":true}]}}