{"id":698,"date":"2022-07-09T21:22:57","date_gmt":"2022-07-09T19:22:57","guid":{"rendered":"http:\/\/www.chez-prisc-chris.com\/blog\/?p=698"},"modified":"2022-08-11T10:53:01","modified_gmt":"2022-08-11T08:53:01","slug":"non-le-passe-simple-ne-doit-pas-mourir","status":"publish","type":"post","link":"http:\/\/www.chez-prisc-chris.com\/blog\/non-le-passe-simple-ne-doit-pas-mourir\/","title":{"rendered":"Non, le pass\u00e9 simple ne doit pas mourir"},"content":{"rendered":"\n<p>Parfois, la <strong>langue fran\u00e7aise<\/strong> est vraiment pleine de <strong>richesse<\/strong>s et de sombres <strong>myst\u00e8res<\/strong>. Voici par exemple <strong>deux formes verbales<\/strong> qui donnent plus ou moins la <strong>m\u00eame id\u00e9e<\/strong> : elles expriment toutes deux l&rsquo;id\u00e9e d&rsquo;un <strong>pass\u00e9<\/strong> <strong>ponctuel et dat\u00e9. <\/strong><\/p>\n\n\n\n<p>Mais l&rsquo;une, le <strong>pass\u00e9 compos\u00e9<\/strong>, s&rsquo;utilise \u00e0 l&rsquo;<strong>oral<\/strong> comme \u00e0 l&rsquo;<strong>\u00e9crit<\/strong>, dans un <strong>registre de langue<\/strong> qui peut \u00eatre <strong>soutenu, courant ou familier<\/strong>. Tandis que l&rsquo;autre, le <strong>pass\u00e9 simple<\/strong>, ne se trouve gu\u00e8re que dans la <strong>litt\u00e9rature<\/strong>.<\/p>\n\n\n\n<h5 class=\"wp-block-heading\">Seulement dans la litt\u00e9rature ? Enfin, pas seulement. Et puis, \u00e7a d\u00e9pend&#8230; Mais parfois, \u00e7a ne se passe pas comme \u00e7a&#8230; <\/h5>\n\n\n\n<p><strong>Bref<\/strong>, tu as bien compris : quand tu te penches sur ces <strong>deux formes<\/strong>, quand tu veux <strong>approfondir<\/strong> ton <strong>apprentissage<\/strong> du <strong>fran\u00e7ais<\/strong>, quand tu veux <strong>enrichir<\/strong> tes <strong>capacit\u00e9s langagi\u00e8res<\/strong> en <strong>fran\u00e7ais<\/strong>, tu tombes souvent sur des <strong>perles<\/strong> telles que la <strong>diff\u00e9rence d&rsquo;utilisation<\/strong> entre le <strong>pass\u00e9 compos\u00e9<\/strong> et le <strong>pass\u00e9 simple<\/strong>.<\/p>\n\n\n\n<pre class=\"wp-block-verse\"><strong>Dans cet article, tu d\u00e9couvriras<\/strong>...\n\n- Pourquoi le pass\u00e9 simple ne peut pas mourir\n\n- Une biographie (r\u00e9dig\u00e9e au pass\u00e9 simple) pour te pr\u00e9senter Alexandra David-N\u00e9el, une femme hors du commun \n<strong>\n<\/strong>- Comment former le pass\u00e9 simple et son \"grand fr\u00e8re\", le pass\u00e9 ant\u00e9rieur\n\n- Des fichiers-sons pour t'aider \u00e0 prononcer les verbes au pass\u00e9 simple.<\/pre>\n\n\n\n<iframe src=\"https:\/\/learn-french-fun.com\/50verbes\/encart-les-50-verbes-plus-utilises-par-francais.php\" style=\"width:100%; height: 700px; border: none;\"><\/iframe>\n\n\n\n<h2 class=\"wp-block-heading\">Deux temps pour exprimer la m\u00eame id\u00e9e<\/h2>\n\n\n\n<p>Le <strong>pass\u00e9 simple<\/strong>, c&rsquo;est l&rsquo;<strong>\u00e9quivalent litt\u00e9raire<\/strong> du <strong>pass\u00e9 compos\u00e9<\/strong>. Il <strong>s&#8217;emploie<\/strong> <strong>en parall\u00e8le<\/strong> avec l&rsquo;<strong>imparfait<\/strong>, tout comme <strong>c&rsquo;est le cas<\/strong> pour <strong>le pass\u00e9 compos\u00e9<\/strong>, dans une langue <strong>plus<\/strong> <strong>usuelle<\/strong>, <strong>moins<\/strong> <strong>soutenue<\/strong>.<\/p>\n\n\n\n<p>Le <strong>pass\u00e9 simple<\/strong> est principalement une<strong> forme litt\u00e9raire<\/strong> et par cons\u00e9quent, une <strong>forme \u00e9crite<\/strong>. Alors, bien s\u00fbr, si ton <strong>but<\/strong>, c&rsquo;est de <strong>communiquer<\/strong> avec des <strong>Francophones<\/strong>, tu vas me dire que tu peux <strong>faire l&rsquo;impasse<\/strong> sur ce <strong>temps<\/strong> verbal.<\/p>\n\n\n\n<p>D&rsquo;accord, mais <strong>attention<\/strong>, il y a un <strong>hic<\/strong>&#8230; Ou m\u00eame <strong>plusieurs<\/strong> ! <\/p>\n\n\n\n<h3 class=\"wp-block-heading\">Le pass\u00e9 simple pour lire des livres de fiction<\/h3>\n\n\n\n<p><strong>Tout d&rsquo;abord<\/strong> parce que si tu d\u00e9cides d&rsquo;<strong>ignorer<\/strong> radicalement l&rsquo;existence du <strong>pass\u00e9<\/strong> <strong>simple<\/strong>, tu auras des <strong>difficult\u00e9s<\/strong> \u00e0 <strong>lire<\/strong> le moindre <strong>r\u00e9cit litt\u00e9raire<\/strong>, ou \u00e0 <strong>volont\u00e9 litt\u00e9raire<\/strong>. <\/p>\n\n\n<div class=\"wp-block-image\">\n<figure class=\"aligncenter size-large is-resized\"><img loading=\"lazy\" decoding=\"async\" src=\"http:\/\/www.chez-prisc-chris.com\/blog\/wp-content\/uploads\/2022\/07\/storytelling-jpg-1024x576.jpg\" alt=\"\" class=\"wp-image-714\" width=\"577\" height=\"324\" srcset=\"http:\/\/www.chez-prisc-chris.com\/blog\/wp-content\/uploads\/2022\/07\/storytelling-jpg-1024x576.jpg 1024w, http:\/\/www.chez-prisc-chris.com\/blog\/wp-content\/uploads\/2022\/07\/storytelling-jpg-300x169.jpg 300w, http:\/\/www.chez-prisc-chris.com\/blog\/wp-content\/uploads\/2022\/07\/storytelling-jpg-768x432.jpg 768w, http:\/\/www.chez-prisc-chris.com\/blog\/wp-content\/uploads\/2022\/07\/storytelling-jpg.jpg 1280w\" sizes=\"auto, (max-width: 577px) 100vw, 577px\" \/><\/figure>\n<\/div>\n\n\n<p>M\u00eame les <strong>romans de gare<\/strong>, expression <strong>p\u00e9jorative<\/strong> pour des livres \u00e0 la <strong>lecture facile<\/strong> (qu&rsquo;on ach\u00e8te en attendant de prendre son train, par exemple), m\u00eame les <strong>livres pour les b\u00e9b\u00e9s<\/strong> (les b\u00e9b\u00e9s fran\u00e7ais \ud83e\udd23) ne sont pas \u00e9crits avec le couple <strong>pass\u00e9 compos\u00e9 \/ imparfait <\/strong>: dans les livres de fiction, le <strong>pass\u00e9 simple<\/strong> vient remplacer le <strong>pass\u00e9 compos\u00e9.<\/strong> Voici par exemple la <strong>conclusion<\/strong> d&rsquo;un <strong>conte de f\u00e9e<\/strong> : <\/p>\n\n\n\n<ul class=\"wp-block-list\"><li><em>Ils <strong>se mari\u00e8rent<\/strong>, <strong>eurent <\/strong>beaucoup d&rsquo;enfants et <strong>v\u00e9curent<\/strong> heureux tous ensemble. <\/em><\/li><\/ul>\n\n\n\n<figure class=\"wp-block-audio\"><audio controls src=\"http:\/\/www.chez-prisc-chris.com\/blog\/wp-content\/uploads\/2022\/07\/se-marieirent.mp3\"><\/audio><\/figure>\n\n\n\n<p>Donc&#8230; Si tu <strong>aimes<\/strong> <strong>lire<\/strong>, si tu <strong>veux<\/strong> <strong>lire<\/strong> des livres en <strong>langue fran\u00e7aise<\/strong> (ce que je te recommande, \u00e7a ne peut que <strong>booster<\/strong> tes <strong>comp\u00e9tences linguistiques<\/strong>), alors tu ne peux <strong>pas faire l&rsquo;impasse<\/strong> sur le <strong>pass\u00e9 simple.<\/strong><\/p>\n\n\n\n<h3 class=\"wp-block-heading\">Le pass\u00e9 simple, un pass\u00e9 \u00ab\u00a0historique\u00a0\u00bb<\/h3>\n\n\n\n<p>Il existe une <strong>autre situation<\/strong> dans laquelle le <strong>pass\u00e9 simple<\/strong> est <strong>fr\u00e9quemment<\/strong> <strong>utilis\u00e9<\/strong> : il repr\u00e9sente un <strong>pass\u00e9 historique<\/strong> par opposition \u00e0 un <strong>pass\u00e9 personnel<\/strong> qui sera <strong>exprim\u00e9<\/strong> au <strong>pass\u00e9<\/strong> <strong>compos\u00e9<\/strong>. Et dans ce cas, on peut m\u00eame le rencontrer <strong>\u00e0 l&rsquo;oral<\/strong> :<\/p>\n\n\n\n<ul class=\"wp-block-list\"><li><em>Hier, <strong>je suis all\u00e9e<\/strong> pique-niquer sur les \u00eeles de L\u00e9rins avec des amis. On<strong> a pass\u00e9 <\/strong>une super journ\u00e9e : on <strong>s&rsquo;est baign\u00e9s<\/strong>, on <strong>s&rsquo;est fait<\/strong> bronzer, et on <strong>a aussi visit\u00e9<\/strong> la prison o\u00f9 le Masque de Fer <strong>fut emprisonn\u00e9<\/strong> pendant onze ans.<\/em><\/li><\/ul>\n\n\n\n<figure class=\"wp-block-audio\"><audio controls src=\"http:\/\/www.chez-prisc-chris.com\/blog\/wp-content\/uploads\/2022\/07\/masque.mp3\"><\/audio><\/figure>\n\n\n<div class=\"wp-block-image\">\n<figure class=\"aligncenter size-large is-resized\"><img loading=\"lazy\" decoding=\"async\" src=\"http:\/\/www.chez-prisc-chris.com\/blog\/wp-content\/uploads\/2022\/07\/fort-g541099152_1280-1024x682.jpg\" alt=\"\" class=\"wp-image-715\" width=\"594\" height=\"395\" srcset=\"http:\/\/www.chez-prisc-chris.com\/blog\/wp-content\/uploads\/2022\/07\/fort-g541099152_1280-1024x682.jpg 1024w, http:\/\/www.chez-prisc-chris.com\/blog\/wp-content\/uploads\/2022\/07\/fort-g541099152_1280-300x200.jpg 300w, http:\/\/www.chez-prisc-chris.com\/blog\/wp-content\/uploads\/2022\/07\/fort-g541099152_1280-768x512.jpg 768w, http:\/\/www.chez-prisc-chris.com\/blog\/wp-content\/uploads\/2022\/07\/fort-g541099152_1280.jpg 1280w\" sizes=\"auto, (max-width: 594px) 100vw, 594px\" \/><\/figure>\n<\/div>\n\n\n<p>Les cinq premiers verbes sont <strong>conjugu\u00e9s<\/strong> au <strong>pass\u00e9 compos\u00e9<\/strong> : ils expriment <strong>mon<\/strong> pass\u00e9, ce que <strong>moi<\/strong>, <strong>j&rsquo;ai fait<\/strong> hier. <\/p>\n\n\n\n<p>Le dernier verbe, <strong><em>fut emprisonn\u00e9<\/em><\/strong>, est <strong>conjugu\u00e9<\/strong> au <strong>pass\u00e9 simple<\/strong> parce que l\u00e0, je parle d&rsquo;un <strong>pass\u00e9 historique<\/strong>, celui du <strong><em>Masque de Fer<\/em>,<\/strong> ce myst\u00e9rieux personnage rendu c\u00e9l\u00e8bre par Voltaire, Victor Hugo et Alexandre Dumas qui <strong>passionna<\/strong> (pass\u00e9 simple) des g\u00e9n\u00e9rations d\u2019historiens, de romanciers et de sc\u00e9naristes.<\/p>\n\n\n\n<p>En tant que <strong>pass\u00e9 historique<\/strong>, tu vas entendre le <strong>pass\u00e9 simple<\/strong> quand les <strong>Fran\u00e7ais parlent,<\/strong> comme dans l&rsquo;exemple pr\u00e9c\u00e9dent. Et tu vas aussi r\u00e9guli\u00e8rement le rencontrer <strong>\u00e0 l&rsquo;\u00e9crit<\/strong>, dans des <strong>articles de presse<\/strong>. <\/p>\n\n\n\n<h2 class=\"wp-block-heading\">Alexandra David-N\u00e9el, une femme hors du commun<\/h2>\n\n\n\n<p>Un des <strong>domaines de pr\u00e9dilection du pass\u00e9 simple<\/strong>, c&rsquo;est la <strong>biographie<\/strong>. Je vais maintenant te parler d&rsquo;une <strong>Fran\u00e7aise<\/strong> qui m&rsquo;a toujours <strong>fascin\u00e9e<\/strong>. Ce texte<strong> <\/strong>te permettra d&rsquo;<strong>observer les pass\u00e9s simples<\/strong> dans leur milieu naturel, <strong>la biographie, genre<\/strong> qui allie un <strong>pass\u00e9 historique <\/strong>\u00e0 une certaine <strong>qualit\u00e9<\/strong> <strong>litt\u00e9raire<\/strong>, voire <strong>romanesque<\/strong>\u2026<\/p>\n\n\n\n<figure class=\"wp-block-embed is-type-video is-provider-youtube wp-block-embed-youtube wp-embed-aspect-4-3 wp-has-aspect-ratio\"><div class=\"wp-block-embed__wrapper\">\n<iframe loading=\"lazy\" title=\"Alexandra David-Neel,  la 1\u00e8re Occidentale au Tibet - #CulturePrime\" width=\"720\" height=\"540\" src=\"https:\/\/www.youtube.com\/embed\/owKFuinXfLQ?feature=oembed\" frameborder=\"0\" allow=\"accelerometer; autoplay; clipboard-write; encrypted-media; gyroscope; picture-in-picture\" allowfullscreen><\/iframe>\n<\/div><\/figure>\n\n\n\n<p>Essaie au fil de ta lecture de <strong>comprendre<\/strong> les <strong>verbes<\/strong> que j&rsquo;ai \u00e9crits <strong>en caract\u00e8res gras,<\/strong> les <strong>pass\u00e9s simples<\/strong>, donc. Sauras-tu retrouver tous leurs <strong>infinitifs<\/strong> ?<\/p>\n\n\n\n<p class=\"has-theme-palette-2-color has-text-color\"><em>Alexandra David-Neel <strong>v\u00e9cut<\/strong> une vie extraordinaire : elle <strong>fut<\/strong> tour \u00e0 tour chanteuse lyrique et f\u00e9ministe, journaliste et anarchiste, \u00e9crivaine et exploratrice, rebelle et, en 1921, \u00e0 sa majorit\u00e9, elle <strong>devint<\/strong> l&rsquo;une des premi\u00e8res bouddhistes de France !<\/em><\/p>\n\n\n\n<ul class=\"wp-block-list\"><li><strong>elle v\u00e9cut <\/strong>\u2192 vivre ; <strong>elle fut<\/strong> \u2192 faire ; <strong>elle devint<\/strong> \u2192 devenir.<\/li><\/ul>\n\n\n\n<p class=\"has-theme-palette-2-color has-text-color\"><em>Elle <strong>naquit<\/strong> en 1868 et <strong>grandit<\/strong> entre la France et la Belgique. Pendant son enfance, elle <strong>se passionna<\/strong> pour les romans de Jules Vernes et <strong>d\u00e9cida<\/strong> que, comme les h\u00e9ros de ses livres, elle ferait le tour du monde : \u00e0 15 ans, elle <strong>fit<\/strong> sa premi\u00e8re fugue en direction de l&rsquo;Angleterre, mais  <strong>dut<\/strong> rentrer chez ses parents, faute d&rsquo;argent.<\/em><\/p>\n\n\n\n<ul class=\"wp-block-list\"><li><strong>elle naquit <\/strong>\u2192 na\u00eetre ; <strong>elle grandit <\/strong>\u2192 grandir ; <strong>elle se passionna <\/strong>\u2192 se passionner ; <strong>elle d\u00e9cida <\/strong>\u2192 d\u00e9cider ; <strong>elle fit <\/strong>\u2192 faire ; <strong>elle dut<\/strong> \u2192 devoir.<\/li><\/ul>\n\n\n\n<p class=\"has-theme-palette-2-color has-text-color\"><em><em>Alexandra David-Neel <\/em> <strong>re\u00e7ut<\/strong> une \u00e9ducation classique et <strong>\u00e9tudia<\/strong> la musique et le chant au Conservatoire Royal de Bruxelles. Elle <strong>eut<\/strong> une premi\u00e8re carri\u00e8re de cantatrice et <strong>put<\/strong> enfin r\u00e9aliser son r\u00eave de petite fille : gr\u00e2ce \u00e0 sa voix extraordinaire, elle <strong>voyagea<\/strong> sur tous les continents et<strong> fut invit\u00e9e<\/strong> \u00e0 chanter dans les plus grands op\u00e9ras du monde. <\/em><\/p>\n\n\n\n<ul class=\"wp-block-list\"><li><strong>elle re\u00e7ut <\/strong>\u2192 recevoir ; <strong>elle \u00e9tudia<\/strong> \u2192 \u00e9tudier ; <strong>elle eut <\/strong>\u2192 avoir ; <strong>elle put<\/strong> \u2192 pouvoir ; <strong>elle voyagea<\/strong> \u2192 voyager ; <strong>elle fut invit\u00e9e <\/strong>\u2192 \u00eatre invit\u00e9e (verbe <em>inviter<\/em> au pass\u00e9 simple passif).<\/li><\/ul>\n\n\n\n<p class=\"has-theme-palette-2-color has-text-color\"><em>C&rsquo;est d&rsquo;ailleurs pendant une tourn\u00e9e en Afrique du Nord qu&rsquo;elle <strong>rencontra<\/strong>, en 1900, Philippe N\u00e9el, un ing\u00e9nieur fran\u00e7ais qui <strong>devint<\/strong> son amant. Ils <strong>se mari\u00e8rent<\/strong> en 1904.<\/em><\/p>\n\n\n\n<ul class=\"wp-block-list\"><li><strong>elle rencontra <\/strong>\u2192 rencontrer ; <strong>il devint<\/strong> \u2192 devenir ; <strong>ils se mari\u00e8rent<\/strong> \u2192 se marier.<\/li><\/ul>\n\n\n\n<p class=\"has-theme-palette-2-color has-text-color\"><em>Mais un jour de 1911, <em>Alexandra David-Neel<\/em> <strong>choisit<\/strong> d&rsquo;abandonner carri\u00e8re et \u00e9poux, pour revenir \u00e0 sa premi\u00e8re passion : l&rsquo;Asie. Elle <strong>partit<\/strong> seule en Inde, pour un voyage d&rsquo;\u00e9tudes d&rsquo;un an et demi qui <strong>dura<\/strong> en fait plus de quatorze ans. Malgr\u00e9 cette longue s\u00e9paration, les deux \u00e9poux <strong>rest\u00e8rent<\/strong> profond\u00e9ment amoureux et <strong>continu\u00e8rent<\/strong> \u00e0 s&rsquo;\u00e9changer des lettres jusqu&rsquo;\u00e0 la mort de Philippe, en 1941. <\/em><\/p>\n\n\n\n<ul class=\"wp-block-list\"><li><strong>elle choisit <\/strong>\u2192 choisir ; <strong>elle partit <\/strong>\u2192 partir ;<strong> il dura<\/strong> \u2192 durer ; <strong>ils rest\u00e8rent <\/strong>\u2192 rester ; <strong>ils continu\u00e8rent <\/strong>\u2192 continuer. <\/li><\/ul>\n\n\n\n<p class=\"has-theme-palette-2-color has-text-color\"><em>On peut dire qu&rsquo;<em>Alexandra David-Neel <\/em><strong>naquit<\/strong> une seconde fois, \u00e0 l&rsquo;\u00e2ge de quarante-trois ans, le jour o\u00f9 elle <strong>d\u00e9cida<\/strong> de consacrer sa vie \u00e0 r\u00e9aliser son r\u00eave : \u00e9tudier les diff\u00e9rentes facettes du bouddhisme, dans les pays asiatiques. <\/em><\/p>\n\n\n\n<ul class=\"wp-block-list\"><li><strong>elle naquit <\/strong>\u2192 na\u00eetre ; <strong>elle d\u00e9cida <\/strong>\u2192 d\u00e9cider. <\/li><\/ul>\n\n\n\n<p class=\"has-theme-palette-2-color has-text-color\"><em>Pour elle, <strong>commen\u00e7a<\/strong> alors <em>une vie d&rsquo;errance<\/em><\/em> <em>: de l&rsquo;Inde au Tibet, de la Chine au Japon, elle  sillonna l&rsquo;Asie, \u00e0 pied, \u00e0 dos de mule ou de yaks. En 1924, \u00e0 l&rsquo;\u00e2ge de 56 ans, elle <strong>s&rsquo;introduisit <\/strong>clandestinement \u00e0 Lhassa, la capitale du Tibet qui \u00e9tait interdite aux \u00e9trangers \u00e0 cette \u00e9poque. <\/em><\/p>\n\n\n\n<ul class=\"wp-block-list\"><li><strong>elle commen\u00e7a<\/strong> \u2192 commencer ; <strong>elle s&rsquo;introduisit<\/strong> \u2192 s&rsquo;introduire. <\/li><\/ul>\n\n\n\n<p class=\"has-theme-palette-2-color has-text-color\"><em>Pour y entrer, elle <strong>se d\u00e9guisa <\/strong>en mendiante et <strong>fut <\/strong>la premi\u00e8re Occidentale \u00e0 y vivre parmi les Tib\u00e9tains.<\/em><\/p>\n\n\n\n<ul class=\"wp-block-list\"><li><strong>elle se d\u00e9guisa<\/strong> \u2192 se d\u00e9guiser ; <strong>elle fut<\/strong> \u2192 \u00eatre.<\/li><\/ul>\n\n\n\n<p class=\"has-theme-palette-2-color has-text-color\"><em>Entre deux voyages, elle <strong>revint<\/strong> en France, \u00e0 Dignes-les-Bains o\u00f9 elle <strong>s&rsquo;acheta <\/strong>une maison pour y \u00e9crire les r\u00e9cits de ses aventures. \u00ab\u00a0Voyages d&rsquo;une Parisienne \u00e0 Lhassa\u00a0\u00bb, publi\u00e9 en 1927, <strong>fut<\/strong> un extraordinaire succ\u00e8s \u00e0 son \u00e9poque. En tout, elle <strong>publia<\/strong> une trentaine de livres sur des sujets divers : analyses du Bouddhisme, romans, r\u00e9cits de voyages, essais f\u00e9ministes, etc.<\/em><\/p>\n\n\n\n<ul class=\"wp-block-list\"><li><strong>elle revint <\/strong>\u2192 revenir ; <strong>elle s&rsquo;acheta<\/strong> \u2192 s&rsquo;acheter ; il fut \u2192 \u00eatre ; <strong>elle publia<\/strong> \u2192 publier. <\/li><\/ul>\n\n\n\n<p class=\"has-theme-palette-2-color has-text-color\"><em>Jusqu&rsquo;\u00e0 l&rsquo;\u00e2ge de 78 ans, elle <strong>poursuivit <\/strong>ses voyages \u00e0 travers toute l&rsquo;Asie. Elle <strong>revint<\/strong> ensuite vivre dans sa maison de Dignes o\u00f9 elle <strong>v\u00e9cut<\/strong> jusqu&rsquo;\u00e0 sa mort, \u00e0 101 ans. Elle <strong>mourut<\/strong> le 8 septembre 1969, mais l\u2019ann\u00e9e d\u2019avant, \u00e0 100 ans, elle avait demand\u00e9 un renouvellement de son passeport&nbsp;!<\/em><\/p>\n\n\n\n<ul class=\"wp-block-list\"><li><strong>elle poursuivit<\/strong> \u2192 poursuivre ; <strong>elle revint <\/strong>\u2192 revenir ; <strong>elle v\u00e9cut<\/strong> \u2192 vivre ; <strong>elle mourut<\/strong> \u2192 mourir. <\/li><\/ul>\n\n\n\n<p class=\"has-theme-palette-3-color has-text-color\">Et maintenant, le mot de la fin, une <strong>citation d&rsquo;Alexandra David-N\u00e9el <\/strong>: si jamais tu te demandes comment choisir tes buts dans la vie, \u00e9coute-la : <\/p>\n\n\n\n<p class=\"has-theme-palette-2-color has-text-color\"><em>\u00ab\u00a0Choisissez une \u00e9toile, ne la quittez pas des yeux. Elle vous fera avancer, sans fatigue et sans peine.\u00a0\u00bb<\/em><\/p>\n\n\n<div class=\"wp-block-image\">\n<figure class=\"aligncenter size-large is-resized\"><img loading=\"lazy\" decoding=\"async\" src=\"http:\/\/www.chez-prisc-chris.com\/blog\/wp-content\/uploads\/2022\/07\/patrick-schneider-mdtYgoLsfNk-unsplash-1024x685.jpg\" alt=\"\" class=\"wp-image-717\" width=\"498\" height=\"333\" srcset=\"http:\/\/www.chez-prisc-chris.com\/blog\/wp-content\/uploads\/2022\/07\/patrick-schneider-mdtYgoLsfNk-unsplash-1024x685.jpg 1024w, http:\/\/www.chez-prisc-chris.com\/blog\/wp-content\/uploads\/2022\/07\/patrick-schneider-mdtYgoLsfNk-unsplash-300x201.jpg 300w, http:\/\/www.chez-prisc-chris.com\/blog\/wp-content\/uploads\/2022\/07\/patrick-schneider-mdtYgoLsfNk-unsplash-768x514.jpg 768w, http:\/\/www.chez-prisc-chris.com\/blog\/wp-content\/uploads\/2022\/07\/patrick-schneider-mdtYgoLsfNk-unsplash-1536x1028.jpg 1536w, http:\/\/www.chez-prisc-chris.com\/blog\/wp-content\/uploads\/2022\/07\/patrick-schneider-mdtYgoLsfNk-unsplash-2048x1371.jpg 2048w\" sizes=\"auto, (max-width: 498px) 100vw, 498px\" \/><\/figure>\n<\/div>\n\n\n<h2 class=\"wp-block-heading\">Comment conjuguer un verbe au pass\u00e9 simple<\/h2>\n\n\n\n<p><em>Tu n&rsquo;auras sans doute jamais besoin d&rsquo;apprendre \u00e0 <strong>former le pass\u00e9 simple,<\/strong> mais il est <strong>essentiel<\/strong> de savoir le <strong>reconna\u00eetre<\/strong>, surtout si tu aimes <strong>lire<\/strong>, que ce soit de la <strong>fiction<\/strong> ou <strong>non<\/strong>. Le <strong>pass\u00e9 simple <\/strong>est par chance tr\u00e8s <strong>facile<\/strong> \u00e0 <strong>reconna\u00eetre<\/strong>. <\/em><\/p>\n\n\n\n<p>Je suppose qu&rsquo;\u00e0 la <strong>lecture<\/strong> du texte ci-dessus, tu as <strong>reconnu<\/strong> presque tous les <strong>verbes<\/strong>. La plupart sont transparents : <strong><em>elle grandit, elle se passionna, elle v\u00e9cut, elle dut<\/em> <\/strong>\u2192 <em>grandir, se passionner, vivre, devoir.<\/em>..<\/p>\n\n\n\n<p>Certains verbes sont plus probl\u00e9matiques : <em><strong>elle naquit, elle fut, elle fit, elle vint<\/strong> <\/em>\u2192 <em>na\u00eetre, \u00eatre, faire, venir&#8230;<\/em><\/p>\n\n\n\n<h3 class=\"wp-block-heading\">Conjuguer au pass\u00e9 simple les verbes du 1er groupe, en -ER<\/h3>\n\n\n\n<p><strong>60% des verbes<\/strong> fran\u00e7ais appartiennent au <strong>premier group<\/strong>e. Le premier groupe, ce sont tous les <strong>verbes en -ER<\/strong> \u00e0 l&rsquo;infinitif. <\/p>\n\n\n\n<p>Au <strong>pass\u00e9 simple<\/strong>, ils se conjuguent <strong>tous <\/strong>-sans exception\ud83d\ude1d- de la mani\u00e8re suivante : <\/p>\n\n\n\n<p><\/p>\n\n\n\n<pre class=\"wp-block-preformatted\"><strong>ALLER<\/strong>\nj'all<strong>ai<\/strong>\ntu all<strong>as<\/strong>\nil all<strong>a<\/strong>\nnous all<strong>\u00e2mes<\/strong>\nvous all<strong>\u00e2tes<\/strong>\nils all<strong>\u00e8rent<\/strong><\/pre>\n\n\n\n<figure class=\"wp-block-audio\"><audio controls src=\"http:\/\/www.chez-prisc-chris.com\/blog\/wp-content\/uploads\/2022\/07\/aller.mp3\"><\/audio><\/figure>\n\n\n\n<h3 class=\"wp-block-heading\">Conjuguer au pass\u00e9 simple les verbes du 2e groupe, en -IR<\/h3>\n\n\n\n<pre class=\"wp-block-preformatted\"><strong>FINIR<\/strong>\nje fin<strong>is<\/strong>\ntu fin<strong>is<\/strong>\nil fin<strong>it<\/strong>\nnous fin<strong>\u00eemes<\/strong>\nvous fin<strong>\u00eetes<\/strong>\nils fin<strong>irent<\/strong><\/pre>\n\n\n\n<figure class=\"wp-block-audio\"><audio controls src=\"http:\/\/www.chez-prisc-chris.com\/blog\/wp-content\/uploads\/2022\/07\/finir.mp3\"><\/audio><\/figure>\n\n\n\n<p>Ce qu&rsquo;on appelle le <strong>deuxi\u00e8me groupe<\/strong>, ce sont des <strong>verbes<\/strong> qui ont un <strong>infinitif en -IR<\/strong> et se conjuguent sur le mod\u00e8le du verbe <em><strong>finir<\/strong><\/em> au pr\u00e9sent :<\/p>\n\n\n\n<pre class=\"wp-block-preformatted\"><strong>FINIR au pr\u00e9sent<\/strong>\nje fin<strong>is<\/strong>\ntu fin<strong>is<\/strong>\nil fin<strong>it<\/strong>\nnous fin<strong>issons<\/strong>\nvous fin<strong>issez<\/strong>\nils fin<strong>issent<\/strong><\/pre>\n\n\n\n<p>Tu peux remarquer que les <strong>trois personnes du singulier<\/strong> -je-tu-il- sont identiques <strong>au pass\u00e9 simple et au pr\u00e9sent<\/strong>. <\/p>\n\n\n\n<p><strong><em>grandir, rougir, vieillir, choisir, d\u00e9molir, punir.<\/em><\/strong>.. sont des verbes du <strong>deuxi\u00e8me groupe<\/strong>.<\/p>\n\n\n\n<p><strong><em>partir, sortir, venir, fuir, voir&#8230; <\/em><\/strong>ne sont <strong>pas<\/strong> des verbes du <strong>deuxi\u00e8me groupe<\/strong> : leur <strong>conjugaison<\/strong> n&rsquo;est <strong>pas<\/strong> comme celle de <em><strong>finir<\/strong><\/em> au <strong>pr\u00e9sent<\/strong>.<\/p>\n\n\n\n<h3 class=\"wp-block-heading\">Conjuguer au pass\u00e9 simple les verbes en -RE <\/h3>\n\n\n\n<div class=\"wp-block-columns is-layout-flex wp-container-core-columns-is-layout-9d6595d7 wp-block-columns-is-layout-flex\">\n<div class=\"wp-block-column is-layout-flow wp-block-column-is-layout-flow\" style=\"flex-basis:100%\">\n<pre class=\"wp-block-preformatted\"><strong>PRENDRE<\/strong>\nje pr<strong>is<\/strong>\ntu pr<strong>is<\/strong>\nil pr<strong>it<\/strong>\nnous pr<strong>\u00eemes<\/strong>\nvous pr<strong>\u00eetes<\/strong>\nils pr<strong>irent<\/strong><\/pre>\n<\/div>\n<\/div>\n\n\n\n<figure class=\"wp-block-audio\"><audio controls src=\"http:\/\/www.chez-prisc-chris.com\/blog\/wp-content\/uploads\/2022\/07\/prendre.mp3\"><\/audio><\/figure>\n\n\n\n<h3 class=\"wp-block-heading\">Conjuguer au pass\u00e9 simple les autres verbes<\/h3>\n\n\n\n<p>Les <strong>autres verbes<\/strong> vont se <strong>conjuguer<\/strong> sur <strong>deux mod\u00e8les<\/strong> : <strong>en \/i\/<\/strong> et <strong>en \/u\/ <\/strong>:<\/p>\n\n\n\n<h4 class=\"wp-block-heading\">Les verbes au pass\u00e9 simple avec une conjugaison en \/i\/<\/h4>\n\n\n\n<p><strong><em>faire, voir, sortir, partir, fuir.<\/em><\/strong>.. vont se conjuguer comme<strong><em> finir<\/em><\/strong> ou <em><strong>prendre<\/strong><\/em> :<\/p>\n\n\n\n<pre class=\"wp-block-preformatted\"><strong>FAIRE<\/strong>\nje f<strong>is<\/strong>\ntu f<strong>is<\/strong>\nil f<strong>it<\/strong>\nnous f<strong>\u00eemes<\/strong> \nvous f<strong>\u00eetes<\/strong>\nils f<strong>irent<\/strong><\/pre>\n\n\n\n<figure class=\"wp-block-audio\"><audio controls src=\"http:\/\/www.chez-prisc-chris.com\/blog\/wp-content\/uploads\/2022\/07\/faire.mp3\"><\/audio><\/figure>\n\n\n\n<pre class=\"wp-block-preformatted\"><strong>VOIR<\/strong>\nje v<strong>is<\/strong>\ntu v<strong>is<\/strong>\nil v<strong>it<\/strong>\nnous v<strong>\u00eemes<\/strong>\nvous v<strong>\u00eetes<\/strong>\nils v<strong>irent<\/strong><\/pre>\n\n\n\n<figure class=\"wp-block-audio\"><audio controls src=\"http:\/\/www.chez-prisc-chris.com\/blog\/wp-content\/uploads\/2022\/07\/voir.mp3\"><\/audio><\/figure>\n\n\n\n<h3 class=\"wp-block-heading\">Les verbes au pass\u00e9 simple avec une conjugaison en \/u\/<\/h3>\n\n\n\n<p>\u00eatre, avoir, vivre, croire, pouvoir&#8230; vont avoir une conjugaison en \/u\/<\/p>\n\n\n\n<pre class=\"wp-block-preformatted\"><strong>\u00caTRE<\/strong>\nje f<strong>us<\/strong>\ntu f<strong>us<\/strong>\nil f<strong>ut<\/strong>\nnous f<strong>\u00fbmes<\/strong>\nvous f<strong>\u00fbtes<\/strong>\nils f<strong>urent<\/strong><\/pre>\n\n\n\n<figure class=\"wp-block-audio\"><audio controls src=\"http:\/\/www.chez-prisc-chris.com\/blog\/wp-content\/uploads\/2022\/07\/etre.mp3\"><\/audio><\/figure>\n\n\n\n<pre class=\"wp-block-preformatted\"><strong>AVOIR<\/strong>\nj'e<strong>us<\/strong>\ntu e<strong>us<\/strong>\nil e<strong>ut<\/strong>\nnous e<strong>\u00fbmes<\/strong>\nvous e<strong>\u00fbtes<\/strong>\nils e<strong>urent<\/strong><\/pre>\n\n\n\n<figure class=\"wp-block-audio\"><audio controls src=\"http:\/\/www.chez-prisc-chris.com\/blog\/wp-content\/uploads\/2022\/07\/avoir.mp3\"><\/audio><\/figure>\n\n\n\n<h3 class=\"wp-block-heading\"><em>venir<\/em> et <em>tenir<\/em>, 2 verbes qui ne se conjuguent pas en \/i\/ ou en \/u\/<\/h3>\n\n\n\n<pre class=\"wp-block-preformatted\"><strong>VENIR<\/strong>\nje v<strong>ins<\/strong>\ntu v<strong>ins<\/strong>\nil v<strong>int<\/strong>\nnous v<strong>\u00eenmes<\/strong>\nvous v<strong>\u00eentes<\/strong>\nils v<strong>inrent<\/strong><\/pre>\n\n\n\n<figure class=\"wp-block-audio\"><audio controls src=\"http:\/\/www.chez-prisc-chris.com\/blog\/wp-content\/uploads\/2022\/07\/venir.mp3\"><\/audio><\/figure>\n\n\n\n<pre class=\"wp-block-preformatted\"><strong>TENIR<\/strong>\nje t<strong>ins<\/strong>\ntu t<strong>ins<\/strong>\nil t<strong>int<\/strong>\nnous t<strong>\u00eenmes<\/strong>\nvous t<strong>\u00eentes<\/strong>\nils t<strong>inrent<\/strong><\/pre>\n\n\n\n<figure class=\"wp-block-audio\"><audio controls src=\"http:\/\/www.chez-prisc-chris.com\/blog\/wp-content\/uploads\/2022\/07\/tenir.mp3\"><\/audio><\/figure>\n\n\n\n<p><strong>Tous les verbes <\/strong>bas\u00e9s sur <em><strong>venir <\/strong><\/em>et <em><strong>tenir <\/strong><\/em>se <strong>conjuguent<\/strong> \u00e9galement sur ce <strong>mod\u00e8le<\/strong> au <strong>pass\u00e9<\/strong> <strong>simple<\/strong> : <strong><em>devenir, revenir, parvenir, survenir, advenir<\/em><\/strong> et<em><strong> d\u00e9tenir, retenir, obtenir<\/strong><\/em>&#8230;<\/p>\n\n\n\n<h2 class=\"wp-block-heading\">Conjuguer au pass\u00e9 ant\u00e9rieur<\/h2>\n\n\n\n<p>Le <strong>pass\u00e9 ant\u00e9rieur<\/strong>, c&rsquo;est la <strong>forme compos\u00e9e<\/strong> du <strong>pass\u00e9 simple<\/strong>. Ce temps est <strong>employ\u00e9<\/strong> pour des <strong>actions<\/strong> qui <strong>se sont d\u00e9roul\u00e9es<\/strong> avant le <strong>pass\u00e9 simple<\/strong>. <\/p>\n\n\n<div class=\"wp-block-image\">\n<figure class=\"aligncenter size-large is-resized\"><img loading=\"lazy\" decoding=\"async\" src=\"http:\/\/www.chez-prisc-chris.com\/blog\/wp-content\/uploads\/2022\/07\/album-photos-1024x683.jpg\" alt=\"\" class=\"wp-image-718\" width=\"612\" height=\"407\" srcset=\"http:\/\/www.chez-prisc-chris.com\/blog\/wp-content\/uploads\/2022\/07\/album-photos-1024x683.jpg 1024w, http:\/\/www.chez-prisc-chris.com\/blog\/wp-content\/uploads\/2022\/07\/album-photos-300x200.jpg 300w, http:\/\/www.chez-prisc-chris.com\/blog\/wp-content\/uploads\/2022\/07\/album-photos-768x512.jpg 768w, http:\/\/www.chez-prisc-chris.com\/blog\/wp-content\/uploads\/2022\/07\/album-photos-1536x1024.jpg 1536w, http:\/\/www.chez-prisc-chris.com\/blog\/wp-content\/uploads\/2022\/07\/album-photos-2048x1365.jpg 2048w\" sizes=\"auto, (max-width: 612px) 100vw, 612px\" \/><\/figure>\n<\/div>\n\n\n<ul class=\"wp-block-list\"><li>Quand il <strong><em>eut compris<\/em><\/strong>, il <strong><em>se mit<\/em><\/strong> \u00e0 pleurer \u2192 <em>D&rsquo;abord il <strong>comprend<\/strong> <\/em>(pass\u00e9 ant\u00e9rieur), <em>puis il <strong>se<\/strong> <strong>met<\/strong> \u00e0 pleurer<\/em> (pass\u00e9 simple).<\/li><li>Nous <strong><em>all\u00e2mes<\/em><\/strong> nous baigner d\u00e8s que nous <strong><em>f\u00fbmes arriv\u00e9s<\/em><\/strong> \u2192 <em>D&rsquo;abord on <strong>arrive<\/strong> <\/em>(pass\u00e9 ant\u00e9rieur), <em>puis on <strong>va<\/strong> se baigner<\/em> (pass\u00e9 simple).<\/li><li>ils <strong><em>se r\u00e9concili\u00e8rent<\/em><\/strong> apr\u00e8s qu&rsquo;ils <em><strong>se furent disput\u00e9s<\/strong><\/em> \u2192 <em>D&rsquo;abord ils <strong>se disputent <\/strong><\/em>(pass\u00e9 ant\u00e9rieur), <em>puis ils <strong>se r\u00e9concilient<\/strong> <\/em>(pass\u00e9 simple).<\/li><\/ul>\n\n\n\n<p><strong>Comme tous les temps compos\u00e9s <\/strong>du fran\u00e7ais <em>(pass\u00e9 compos\u00e9, plus-que-parfait, subjonctif pass\u00e9, conditionnel pass\u00e9&#8230;),<\/em> le <strong>pass\u00e9 ant\u00e9rieur <\/strong>se construit avec <em><strong>\u00eatre<\/strong><\/em> ou <strong><em>avoir<\/em><\/strong> au <strong>pass\u00e9 simple<\/strong>, suivi du <strong>participe pass\u00e9<\/strong>.<\/p>\n\n\n\n<h2 class=\"wp-block-heading\">En conclusion<\/h2>\n\n\n\n<p>Le <strong>pass\u00e9 simple<\/strong> n&rsquo;est pas un temps <strong>si<\/strong>&#8230; <strong>compliqu\u00e9<\/strong> que \u00e7a. <\/p>\n\n\n\n<p><strong>Incontournable<\/strong> dans les ouvrages de <strong>fiction<\/strong>, il est encore <strong>bien vivant<\/strong> dans la <strong>presse<\/strong> et m\u00eame dans la <strong>bouche<\/strong> des <strong>Fran\u00e7ais<\/strong>. Certes, les formes<strong><em> nous <\/em><\/strong>et <strong><em>vous<\/em><\/strong> sont <strong>rarement employ\u00e9es <\/strong>car elles <strong>sonnent bizarres<\/strong> aujourd&rsquo;hui : <em><strong>nous parl\u00e2mes, vous p\u00fbtes<\/strong><\/em> (pouvoir).<\/p>\n\n\n\n<p>Maintenant que tu as ces <strong>informations<\/strong>, <strong>ouvre<\/strong> n&rsquo;importe quel <strong>roman<\/strong> et <strong>rep\u00e8re<\/strong> les <strong>pass\u00e9s simples <\/strong>et les <strong>pass\u00e9s ant\u00e9rieurs<\/strong>. <\/p>\n\n\n\n<p><strong>Bonne lecture !<\/strong><\/p>\n\n\n<div class=\"wp-block-image\">\n<figure class=\"aligncenter size-large is-resized\"><img loading=\"lazy\" decoding=\"async\" src=\"http:\/\/www.chez-prisc-chris.com\/blog\/wp-content\/uploads\/2022\/07\/BD-lucky-luke-1024x639.jpg\" alt=\"\" class=\"wp-image-719\" width=\"462\" height=\"288\" srcset=\"http:\/\/www.chez-prisc-chris.com\/blog\/wp-content\/uploads\/2022\/07\/BD-lucky-luke-1024x639.jpg 1024w, http:\/\/www.chez-prisc-chris.com\/blog\/wp-content\/uploads\/2022\/07\/BD-lucky-luke-300x187.jpg 300w, http:\/\/www.chez-prisc-chris.com\/blog\/wp-content\/uploads\/2022\/07\/BD-lucky-luke-768x479.jpg 768w, http:\/\/www.chez-prisc-chris.com\/blog\/wp-content\/uploads\/2022\/07\/BD-lucky-luke-1536x958.jpg 1536w, http:\/\/www.chez-prisc-chris.com\/blog\/wp-content\/uploads\/2022\/07\/BD-lucky-luke-2048x1278.jpg 2048w\" sizes=\"auto, (max-width: 462px) 100vw, 462px\" \/><\/figure>\n<\/div>","protected":false},"excerpt":{"rendered":"<p>Le pass\u00e9 simple est une forme verbale qui, au m\u00eame titre que le pass\u00e9 compos\u00e9, est employ\u00e9e pour des actions termin\u00e9es, ponctuelles ou dat\u00e9es. Mais pourquoi donc a-t-on en fran\u00e7ais deux temps qui expriment la m\u00eame id\u00e9e ? C&rsquo;est ce que je vais t&rsquo;expliquer maintenant.<\/p>\n","protected":false},"author":2,"featured_media":712,"comment_status":"open","ping_status":"open","sticky":false,"template":"","format":"standard","meta":{"_uag_custom_page_level_css":"","_kad_post_transparent":"","_kad_post_title":"","_kad_post_layout":"","_kad_post_sidebar_id":"","_kad_post_content_style":"","_kad_post_vertical_padding":"","_kad_post_feature":"","_kad_post_feature_position":"","_kad_post_header":false,"_kad_post_footer":false,"footnotes":""},"categories":[5],"tags":[],"class_list":["post-698","post","type-post","status-publish","format-standard","has-post-thumbnail","hentry","category-grammaire-francaise"],"uagb_featured_image_src":{"full":["http:\/\/www.chez-prisc-chris.com\/blog\/wp-content\/uploads\/2022\/07\/boys-reading.jpg",1280,851,false],"thumbnail":["http:\/\/www.chez-prisc-chris.com\/blog\/wp-content\/uploads\/2022\/07\/boys-reading-150x150.jpg",150,150,true],"medium":["http:\/\/www.chez-prisc-chris.com\/blog\/wp-content\/uploads\/2022\/07\/boys-reading-300x199.jpg",300,199,true],"medium_large":["http:\/\/www.chez-prisc-chris.com\/blog\/wp-content\/uploads\/2022\/07\/boys-reading-768x511.jpg",768,511,true],"large":["http:\/\/www.chez-prisc-chris.com\/blog\/wp-content\/uploads\/2022\/07\/boys-reading-1024x681.jpg",1024,681,true],"hd_qu_size2":["http:\/\/www.chez-prisc-chris.com\/blog\/wp-content\/uploads\/2022\/07\/boys-reading.jpg",400,266,false],"1536x1536":["http:\/\/www.chez-prisc-chris.com\/blog\/wp-content\/uploads\/2022\/07\/boys-reading.jpg",1280,851,false],"2048x2048":["http:\/\/www.chez-prisc-chris.com\/blog\/wp-content\/uploads\/2022\/07\/boys-reading.jpg",1280,851,false]},"uagb_author_info":{"display_name":"Priscilla","author_link":"http:\/\/www.chez-prisc-chris.com\/blog\/author\/prisc\/"},"uagb_comment_info":1,"uagb_excerpt":"Le pass\u00e9 simple est une forme verbale qui, au m\u00eame titre que le pass\u00e9 compos\u00e9, est employ\u00e9e pour des actions termin\u00e9es, ponctuelles ou dat\u00e9es. Mais pourquoi donc a-t-on en fran\u00e7ais deux temps qui expriment la m\u00eame id\u00e9e ? C'est ce que je vais t'expliquer maintenant.","_links":{"self":[{"href":"http:\/\/www.chez-prisc-chris.com\/blog\/wp-json\/wp\/v2\/posts\/698","targetHints":{"allow":["GET"]}}],"collection":[{"href":"http:\/\/www.chez-prisc-chris.com\/blog\/wp-json\/wp\/v2\/posts"}],"about":[{"href":"http:\/\/www.chez-prisc-chris.com\/blog\/wp-json\/wp\/v2\/types\/post"}],"author":[{"embeddable":true,"href":"http:\/\/www.chez-prisc-chris.com\/blog\/wp-json\/wp\/v2\/users\/2"}],"replies":[{"embeddable":true,"href":"http:\/\/www.chez-prisc-chris.com\/blog\/wp-json\/wp\/v2\/comments?post=698"}],"version-history":[{"count":29,"href":"http:\/\/www.chez-prisc-chris.com\/blog\/wp-json\/wp\/v2\/posts\/698\/revisions"}],"predecessor-version":[{"id":1131,"href":"http:\/\/www.chez-prisc-chris.com\/blog\/wp-json\/wp\/v2\/posts\/698\/revisions\/1131"}],"wp:featuredmedia":[{"embeddable":true,"href":"http:\/\/www.chez-prisc-chris.com\/blog\/wp-json\/wp\/v2\/media\/712"}],"wp:attachment":[{"href":"http:\/\/www.chez-prisc-chris.com\/blog\/wp-json\/wp\/v2\/media?parent=698"}],"wp:term":[{"taxonomy":"category","embeddable":true,"href":"http:\/\/www.chez-prisc-chris.com\/blog\/wp-json\/wp\/v2\/categories?post=698"},{"taxonomy":"post_tag","embeddable":true,"href":"http:\/\/www.chez-prisc-chris.com\/blog\/wp-json\/wp\/v2\/tags?post=698"}],"curies":[{"name":"wp","href":"https:\/\/api.w.org\/{rel}","templated":true}]}}