{"id":567,"date":"2022-06-29T20:55:09","date_gmt":"2022-06-29T18:55:09","guid":{"rendered":"http:\/\/www.chez-prisc-chris.com\/blog\/?p=567"},"modified":"2022-06-29T20:55:09","modified_gmt":"2022-06-29T18:55:09","slug":"les-suffixes-able-ible-et-uble","status":"publish","type":"post","link":"http:\/\/www.chez-prisc-chris.com\/blog\/les-suffixes-able-ible-et-uble\/","title":{"rendered":"Les suffixes -able, -ible, (et -uble)"},"content":{"rendered":"\n<ul class=\"has-theme-palette-1-color has-text-color wp-block-list\"><li><em>Variable ou invariable<\/em><\/li><li><em>Compr\u00e9hensible ou incompr\u00e9hensible<\/em><\/li><li><em>Soluble ou insoluble&#8230;<\/em><\/li><\/ul>\n\n\n\n<p>Parfois, si tu veux <strong>am\u00e9liorer<\/strong> ton <strong>vocabulaire<\/strong> en fran\u00e7ais, il te suffira de <strong>rep\u00e9rer<\/strong> certains <strong>sch\u00e9mas<\/strong> <strong>r\u00e9currents<\/strong> de la langue pour en <strong>comprendre<\/strong> le <strong>fonctionnement<\/strong>. Je sais qu&rsquo;on parle toujours du <strong>fran\u00e7ais<\/strong> comme d&rsquo;une langue pleine d&rsquo;<strong>irr\u00e9gularit\u00e9s<\/strong> et d&rsquo;<strong>exceptions<\/strong>. <\/p>\n\n\n\n<p>C&rsquo;est <strong><em>ind\u00e9niable<\/em><\/strong> (je ne peux pas le <em><strong>nier<\/strong><\/em> !), c&rsquo;est bien souvent <em>L&rsquo;exception qui confirme la r\u00e8gle<\/em>, en fran\u00e7ais ! Mais que cela ne t&#8217;emp\u00eache quand m\u00eame pas de te <strong>concentrer<\/strong> sur ce qui <strong>fonctionne<\/strong> de <strong>mani\u00e8re r\u00e9guli\u00e8re<\/strong>&#8230;<strong> <\/strong><\/p>\n\n\n\n<p>Bien souvent, le premier <strong>r\u00e9flexe<\/strong> d&rsquo;un <strong>\u00e9tudiant<\/strong> de fran\u00e7ais quand il rencontre un <strong>mot<\/strong> nouveau, c&rsquo;est de&#8230; <strong>paniquer<\/strong> !  Et puis, une fois le choc pass\u00e9, sa <strong>deuxi\u00e8me<\/strong> <strong>r\u00e9action<\/strong> sera g\u00e9n\u00e9ralement de <strong>se jeter<\/strong> sur son <strong>dictionnaire<\/strong> pour avoir la <strong>traduction<\/strong> de ce <strong>mot<\/strong> dans sa <strong>langue<\/strong>. <\/p>\n\n\n\n<p><strong>\u00c0 mon avis,<\/strong> il y a une autre <strong>approche<\/strong> bien plus <strong>efficace<\/strong>, c&rsquo;est celle qui te permettra de <strong>rentrer<\/strong> v\u00e9ritablement dans la <strong>langue<\/strong> et finalement, de mieux <strong>m\u00e9moriser<\/strong> le <strong>vocabulaire<\/strong> <strong>nouveau<\/strong> : commence par <strong>passer<\/strong> quelques <strong>secondes<\/strong> \u00e0 vraiment <strong>observer<\/strong> ce <strong>mot<\/strong> <strong>probl\u00e9matique<\/strong>. Bien souvent, le <strong>contexte<\/strong> te donne d\u00e9j\u00e0 un premier <strong>indice<\/strong> pour t&rsquo;aider \u00e0 <strong>comprendre<\/strong>. <\/p>\n\n\n<div class=\"wp-block-image\">\n<figure class=\"aligncenter size-full is-resized\"><img loading=\"lazy\" decoding=\"async\" src=\"http:\/\/www.chez-prisc-chris.com\/blog\/wp-content\/uploads\/2022\/06\/loupe-homme1.jpg\" alt=\"\" class=\"wp-image-570\" width=\"559\" height=\"372\" srcset=\"http:\/\/www.chez-prisc-chris.com\/blog\/wp-content\/uploads\/2022\/06\/loupe-homme1.jpg 640w, http:\/\/www.chez-prisc-chris.com\/blog\/wp-content\/uploads\/2022\/06\/loupe-homme1-300x200.jpg 300w\" sizes=\"auto, (max-width: 559px) 100vw, 559px\" \/><\/figure>\n<\/div>\n\n\n<p>Ensuite, <strong>essaie<\/strong> de voir s&rsquo;il n&rsquo;y a pas dans ce <strong>mot<\/strong> un <strong>\u00e9cho<\/strong> \u00e0 quelque chose qui t&rsquo;est <strong>familier.<\/strong>.. Voil\u00e0 une <strong>approche<\/strong> qui me semble bien plus <strong>enrichissante<\/strong> que de <strong>sauter<\/strong> sur ton <strong>dictionnaire<\/strong> ! Si tu as d\u00e9j\u00e0 un certain <strong>niveau<\/strong> de fran\u00e7ais, rien d&rsquo;<strong>inaccessible<\/strong>, en tout cas&#8230;<\/p>\n\n\n\n<p>Par exemple dans cette derni\u00e8re phrase se trouvent 2 adjectifs que tu ne connais peut-\u00eatre pas :<\/p>\n\n\n\n<ul class=\"wp-block-list\"><li><em>une approche <strong>enrichissante<\/strong><\/em>, adjectif bas\u00e9 sur <em><strong>riche<\/strong><\/em>, <em><strong>enrichir<\/strong><\/em> (rendre <em>riche<\/em>), <em><strong>enrichissant<\/strong><\/em> (qui te rendra <em>riche<\/em>&#8230; de nouveaux mots !)<\/li><li><em>quelque chose d&rsquo;<strong>inaccessible<\/strong>, <\/em>adjectif bas\u00e9 sur le nom <em><strong>acc\u00e8s<\/strong><\/em>, et le verbe <em><strong>acc\u00e9der<\/strong><\/em>. <strong><em>Inaccessible<\/em><\/strong> ; quelque chose \u00e0 quoi on <em><strong>ne peut pas acc\u00e9der,<\/strong><\/em> il n&rsquo;y a pas d&rsquo;<strong><em>acc\u00e8s<\/em><\/strong>&#8230; On <strong>ne<\/strong> <em><strong>peut pas entrer<\/strong><\/em>, donc ! <\/li><\/ul>\n\n\n\n<p>On va <strong>d\u00e9cliner<\/strong> cette <strong>approche<\/strong> aujourd&rsquo;hui avec d&rsquo;autres <strong>adjectifs<\/strong> qui <strong>se terminent <\/strong>avec les <strong>suffixes<\/strong> <em>-able, -ible et -uble<\/em>. <strong>G\u00e9n\u00e9ralement<\/strong>, ces <strong>adjectifs<\/strong> expriment la <strong>possibilit\u00e9<\/strong> ou l&rsquo;<strong>obligation<\/strong>. <\/p>\n\n\n\n<p><strong>Petite info<\/strong> : la tr\u00e8s grande <strong>majorit\u00e9<\/strong> des <strong>adjectifs<\/strong> de cette liste sont form\u00e9s sur le <strong>suffixe <\/strong><em><strong>-able<\/strong> : n\u00e9gociable, interminable, condamnable, faisable, intouchable, immangeable&#8230; <\/em>En <strong>2e position<\/strong> arrivent les <strong>adjectifs <em>en -ible<\/em><\/strong>, il y en a <strong>pas mal<\/strong>, \u00e9galement : <em>risible, irr\u00e9sistible, lisible, cr\u00e9dible, admissible, inextinguible&#8230; <\/em><strong>En revanche<\/strong>, les <strong>mots en <em>-uble<\/em><\/strong> sont limit\u00e9s \u00e0 <strong>l&rsquo;adjectif <\/strong><em>soluble<\/em> et \u00e0 ses <strong>d\u00e9riv\u00e9s<\/strong> : <em>insoluble, dissoluble<\/em> et son contraire<em> indissoluble<\/em>&#8230; <\/p>\n\n\n\n<p><strong>On y reviendra.<\/strong><\/p>\n\n\n\n<pre class=\"wp-block-verse\">Dans cet article, tu apprendras \u00e0 \n\n- former ces adjectifs \u00e0 partir de noms\n- former ces adjectifs \u00e0 partir de verbes\n- former leurs antonymes\n- prononcer sans te tromper les adjectifs aux pr\u00e9fixes n\u00e9gatifs\n- construire d'autres mots, noms ou adverbes, \u00e0 partir des adjectifs en -able, ible, uble <\/pre>\n\n\n\n<h2 class=\"wp-block-heading\">Des adjectifs bas\u00e9s sur des noms<\/h2>\n\n\n\n<ul class=\"wp-block-list\"><li>Le nom <strong><em>solution<\/em><\/strong> est la base de l&rsquo;adjectif <em><strong>soluble<\/strong><\/em> et de son contraire <em><strong>insoluble<\/strong><\/em>. Mais <strong>attention<\/strong>, il y a <strong>2 sens<\/strong> pour le nom&#8230; Et, c&rsquo;est <strong>logique<\/strong>, <strong>2 sens pour cet adjectif<\/strong> : <em>Tu cherches la <strong>solution<\/strong> \u00e0 un probl\u00e8me<\/em> ? <em>Si tu trouves cette solution, ce probl\u00e8me est <strong>soluble<\/strong><\/em> : c&rsquo;est un probl\u00e8me auquel on peut apporter une <em>solution<\/em>. Sinon,<em> il est <strong>insoluble<\/strong>, <\/em>sans solution.<\/li><\/ul>\n\n\n\n<ul class=\"wp-block-list\"><li>Les mots <strong><em>solution<\/em><\/strong> et <strong><em>soluble<\/em><\/strong> ont aussi un autre sens : on dira par exemple que le sucre est <em>soluble<\/em> dans l&rsquo;eau : quand tu met un morceau de sucre dans de l&rsquo;eau, il va <em>se dissoudre<\/em>, il va <em>fondre<\/em> : de solide, il devient liquide. Les mots <strong><em>solution<\/em><\/strong> et <strong><em>soluble<\/em><\/strong> sont \u00e9galement utilis\u00e9s en <strong>chimie<\/strong>. Mais dans ce contexte, le contraire de <em><strong>soluble<\/strong><\/em> ne sera pas <em><strong>insoluble<\/strong><\/em>, ce sera <strong><em>non soluble<\/em><\/strong> ! <em>Les mati\u00e8res plastiques sont <strong>non solubles<\/strong> dans l&rsquo;eau.<\/em> Bon d&rsquo;accord, voil\u00e0 une <strong>exception<\/strong> ! \ud83d\ude09<\/li><\/ul>\n\n\n\n<ul class=\"wp-block-list\"><li>Le nom <strong><em>\u00e9quit\u00e9<\/em><\/strong> est la base de l&rsquo;adjectif <strong><em>\u00e9quitable<\/em><\/strong> et de son contraire <strong><em>in\u00e9quitable<\/em><\/strong> : <em>c&rsquo;est un professeur <strong>\u00e9quitable<\/strong> : <\/em>il respecte <em>l&rsquo;\u00e9quit\u00e9,<\/em> la justice. Il est juste, donc. <em>Votre d\u00e9cision me semble terriblement <strong>in\u00e9quitable<\/strong><\/em> : elle manque d&rsquo;<em>\u00e9quit\u00e9<\/em>, elle est injuste.<\/li><\/ul>\n\n\n\n<ul class=\"wp-block-list\"><li>Le nom <strong><em>v\u00e9rit\u00e9<\/em><\/strong> est la base de l&rsquo;adjectif <em><strong>v\u00e9ritable<\/strong><\/em> : il y a eu une <strong><em>v\u00e9ritable<\/em><\/strong> temp\u00eate de neige : synonyme de <strong><em>vrai<\/em><\/strong>, <em><strong>r\u00e9el<\/strong><\/em>.<\/li><\/ul>\n\n\n\n<ul class=\"wp-block-list\"><li>Le nom <strong><em>dommage<\/em><\/strong> est la base de l&rsquo;adjectif <strong><em>dommageable<\/em><\/strong> : <em>cette d\u00e9cision a \u00e9t\u00e9 plus <strong>dommageable<\/strong> qu&rsquo;utile<\/em> : elle a caus\u00e9 des <em>dommages<\/em>, des probl\u00e8mes.<\/li><\/ul>\n\n\n\n<ul class=\"wp-block-list\"><li>Le nom <strong><em>piti\u00e9<\/em><\/strong> est la base de l&rsquo;adjectif <strong><em>pitoyable<\/em><\/strong> et son contraire <strong><em>impitoyable<\/em><\/strong> : <em>Vous \u00eates vraiment <strong>pitoyables<\/strong> : <\/em>vous faites <em>piti\u00e9<\/em>, vous \u00eates ridicules.<em> C&rsquo;\u00e9tait un guerrier <strong>impitoyable<\/strong><\/em> : il n&rsquo;avait de <em>piti\u00e9<\/em> pour personne : il \u00e9tait dur, brutal&#8230;<\/li><\/ul>\n\n\n<div class=\"wp-block-image\">\n<figure class=\"aligncenter size-large is-resized\"><img loading=\"lazy\" decoding=\"async\" src=\"http:\/\/www.chez-prisc-chris.com\/blog\/wp-content\/uploads\/2022\/06\/samourai-1024x682.jpg\" alt=\"\" class=\"wp-image-572\" width=\"578\" height=\"385\" srcset=\"http:\/\/www.chez-prisc-chris.com\/blog\/wp-content\/uploads\/2022\/06\/samourai-1024x682.jpg 1024w, http:\/\/www.chez-prisc-chris.com\/blog\/wp-content\/uploads\/2022\/06\/samourai-300x200.jpg 300w, http:\/\/www.chez-prisc-chris.com\/blog\/wp-content\/uploads\/2022\/06\/samourai-768x512.jpg 768w, http:\/\/www.chez-prisc-chris.com\/blog\/wp-content\/uploads\/2022\/06\/samourai-1536x1024.jpg 1536w, http:\/\/www.chez-prisc-chris.com\/blog\/wp-content\/uploads\/2022\/06\/samourai.jpg 2000w\" sizes=\"auto, (max-width: 578px) 100vw, 578px\" \/><\/figure>\n<\/div>\n\n\n<ul class=\"wp-block-list\"><li>Le nom <strong><em>effroi <\/em><\/strong>est la base de l&rsquo;adjectif <strong><em>effroyable<\/em><\/strong> : l&rsquo;<em>effroi<\/em>, c&rsquo;est une sorte de peur, de terreur. <em>Ces crimes <strong>effroyables<\/strong> avaient choqu\u00e9 le public.<\/em> C&rsquo;\u00e9tait des crimes sanglants, affreux, terribles&#8230; <\/li><\/ul>\n\n\n\n<p>Tu as <strong>remarqu\u00e9<\/strong> des <strong>changements<\/strong> d&rsquo;<strong>orthographe<\/strong> pour <strong>certains<\/strong> adjectifs ?  Par exemple dans le mot <strong><em>dommageable<\/em><\/strong>, le \/e\/ est n\u00e9cessaire pour la prononciation. Sans le \/e\/, on prononcerait \/ga\/ comme <em>GArage<\/em>. Et <em>DommaGAble<\/em>, \u00e7a n&rsquo;existe pas !<\/p>\n\n\n\n<p>Et les noms <em><strong>piti\u00e9<\/strong><\/em> et <strong><em>effroi<\/em><\/strong> donnent naissance aux adjectifs <strong><em>pitoyable<\/em><\/strong> et <strong><em>effroyable<\/em><\/strong> avec un \/y\/ \u00e0 la place du \/i\/. <\/p>\n\n\n\n<h2 class=\"wp-block-heading\">Des adjectifs bas\u00e9s sur des verbes<\/h2>\n\n\n\n<p>La plupart des adjectifs dont le suffixe est en <strong>-able<\/strong> et <strong>-ible <\/strong>sont d\u00e9riv\u00e9s d&rsquo;un <strong>verbe<\/strong>, pas d&rsquo;un <strong>nom<\/strong>. Et <strong>-uble<\/strong>, on l&rsquo;a vu, a une <strong>utilisation<\/strong> <strong>limit\u00e9e<\/strong> aux <strong>adjectifs<\/strong> bas\u00e9s sur le nom <em><strong>solution<\/strong><\/em>. <\/p>\n\n\n\n<p>Dans le <strong>tableau<\/strong> ci-dessous, tu trouveras diff\u00e9rents <strong>exemples<\/strong>, ainsi que leurs <em><strong>contraires<\/strong><\/em> (leurs <strong><em>antonymes<\/em><\/strong> en fran\u00e7ais de linguiste).<\/p>\n\n\n\n<figure class=\"wp-block-table aligncenter\"><table class=\"has-theme-palette-8-background-color has-background\"><tbody><tr><td><strong>Verbes<\/strong><\/td><td><strong>Adjectifs <\/strong><strong><em>-able<\/em><\/strong><\/td><td><strong>Antonymes&nbsp;<\/strong><\/td><td><strong>Verbes<\/strong><\/td><td><strong>Adjectifs&nbsp;<em>-ible<\/em><\/strong><\/td><td><strong>Antonymes&nbsp;<\/strong><\/td><\/tr><tr><td><strong>accepter<\/strong><\/td><td>acceptable<\/td><td>inacceptable<\/td><td><strong>pr\u00e9voir<\/strong><\/td><td>pr\u00e9visible<\/td><td>impr\u00e9visible<\/td><\/tr><tr><td><strong>se fier<\/strong><\/td><td>fiable<\/td><td>non fiable<\/td><td><strong>vaincre<\/strong><\/td><td><strong>&#8211;<\/strong><\/td><td>invincible<\/td><\/tr><tr><td><strong>croire<\/strong><\/td><td>pas croyable<\/td><td>incroyable<\/td><td><strong>croire<\/strong><\/td><td>cr\u00e9dible<\/td><td>peu cr\u00e9dible<\/td><\/tr><tr><td><strong>manger<\/strong><\/td><td>mangeable<\/td><td>immangeable<\/td><td><strong>\u00e9lire<\/strong><\/td><td>\u00e9ligible<\/td><td>in\u00e9ligible<\/td><\/tr><tr><td><strong>p\u00e9rir<\/strong><\/td><td>p\u00e9rissable<\/td><td>imp\u00e9rissable<\/td><td><strong>nuire<\/strong><\/td><td>nuisible<\/td><td><strong>&#8211;<\/strong><\/td><\/tr><tr><td><strong>envier<\/strong><\/td><td>enviable<\/td><td>peu enviable<\/td><td><strong>faillir<\/strong><\/td><td>faillible<\/td><td>infaillible<\/td><\/tr><tr><td><strong>rem\u00e9dier<\/strong><\/td><td>r<strong>e<\/strong>m\u00e9diable<\/td><td>irr<strong>\u00e9<\/strong>m\u00e9diable<\/td><td><strong>admettre<\/strong><\/td><td>admissible<\/td><td>inadmissible<\/td><\/tr><tr><td><strong>valoir<\/strong><\/td><td>valable<\/td><td>non valable<\/td><td><strong>rire<\/strong><\/td><td>risible<\/td><td><strong>&#8211;<\/strong><\/td><\/tr><tr><td><strong>faire<\/strong><\/td><td>faisable<\/td><td>infaisable<\/td><td><strong>\u00e9teindre<\/strong><\/td><td><strong>&#8211;<\/strong><\/td><td>inextinguible<\/td><\/tr><tr><td><strong>m\u00e9priser<\/strong><\/td><td>m\u00e9prisable<\/td><td><strong>&#8211;<\/strong><\/td><td><strong>voir<\/strong><\/td><td>visible<\/td><td>invisible<\/td><\/tr><tr><td><strong>muer<\/strong><\/td><td><strong>&#8211;<\/strong><\/td><td>immuable<\/td><td><strong>r\u00e9sister<\/strong><\/td><td>r\u00e9sistible<\/td><td>irr\u00e9sistible<\/td><\/tr><tr><td><strong>pratiquer<\/strong><\/td><td>praticable<\/td><td>impraticable<\/td><td><strong>lire<\/strong><\/td><td>lisible<\/td><td>illisible<\/td><\/tr><tr><td><strong>corriger<\/strong><\/td><td><strong>corrigeable<\/strong><\/td><td><strong>&#8211;<\/strong><\/td><td><strong>corriger<\/strong><\/td><td><strong>&#8211;<\/strong><\/td><td>incorrigible<\/td><\/tr><\/tbody><\/table><\/figure>\n\n\n<div class=\"wp-block-image\">\n<figure class=\"aligncenter size-large is-resized\"><img loading=\"lazy\" decoding=\"async\" src=\"http:\/\/www.chez-prisc-chris.com\/blog\/wp-content\/uploads\/2022\/06\/notes-on-rope-1024x639.jpg\" alt=\"\" class=\"wp-image-583\" width=\"608\" height=\"379\" srcset=\"http:\/\/www.chez-prisc-chris.com\/blog\/wp-content\/uploads\/2022\/06\/notes-on-rope-1024x639.jpg 1024w, http:\/\/www.chez-prisc-chris.com\/blog\/wp-content\/uploads\/2022\/06\/notes-on-rope-300x187.jpg 300w, http:\/\/www.chez-prisc-chris.com\/blog\/wp-content\/uploads\/2022\/06\/notes-on-rope-768x479.jpg 768w, http:\/\/www.chez-prisc-chris.com\/blog\/wp-content\/uploads\/2022\/06\/notes-on-rope-1536x958.jpg 1536w, http:\/\/www.chez-prisc-chris.com\/blog\/wp-content\/uploads\/2022\/06\/notes-on-rope.jpg 1600w\" sizes=\"auto, (max-width: 608px) 100vw, 608px\" \/><\/figure>\n<\/div>\n\n\n<h2 class=\"wp-block-heading\">Des points \u00e9tranges et <em>notables<\/em> (que tu dois <em>noter<\/em> !)<\/h2>\n\n\n\n<ul class=\"wp-block-list\"><li>Parfois, le <strong>verbe<\/strong> donne naissance \u00e0 <strong>2 adjectifs<\/strong> : l&rsquo;un positif, l&rsquo;autre construit sur un pr\u00e9fixe n\u00e9gatif <em><strong>(in, im, ir, il)<\/strong><\/em>. Tout est logique, la vie est belle. C&rsquo;est le cas par exemple de <em><strong>accepter<\/strong> =&gt; acceptable <\/em>et<em> inacceptable <\/em>et de <em><strong>pr\u00e9voir<\/strong> =&gt; pr\u00e9visible <\/em>et <em>impr\u00e9visible&#8230;<\/em><\/li><\/ul>\n\n\n\n<ul class=\"wp-block-list\"><li>Et puis parfois, le <strong>verbe<\/strong> donne naissance \u00e0 <strong>2 adjectifs<\/strong> : l&rsquo;un positif et l&rsquo;autre, son antonyme, se construit avec des adverbes n\u00e9gatifs<em><strong> (pas, peu, non)<\/strong><\/em>. C&rsquo;est le cas par exemple de <em><strong>valoir <\/strong><\/em>=&gt; <em>valable<\/em> et <em>non valable<\/em> ; <strong><em>croire<\/em><\/strong> =&gt; <em>cr\u00e9dible <\/em>et <em>peu cr\u00e9dible<\/em> ; <strong><em>se fier<\/em><\/strong> =&gt; <em>fiable<\/em> et <em>non fiable<\/em>.<\/li><\/ul>\n\n\n\n<ul class=\"wp-block-list\"><li>De temps en temps, le <strong>verbe<\/strong> ne donne naissance qu&rsquo;\u00e0 <strong>1 seul adjectif<\/strong>, soit positif, soit n\u00e9gatif.  C&rsquo;est le cas par exemple de <strong><em>m\u00e9priser<\/em><\/strong> =&gt; <em>m\u00e9prisable<\/em> (mais pas d&rsquo;antonyme) ou de <strong>\u00e9teindre<\/strong> =&gt; <em>inextinguible<\/em> (mais pas d&rsquo;adjectifs positif).<\/li><\/ul>\n\n\n\n<ul class=\"wp-block-list\"><li>Et enfin, il arrive que le <strong>verbe<\/strong> donne naissance <strong> \u00e0 <strong>2 adjectifs<\/strong> <\/strong>qui n&rsquo;ont pas le m\u00eame suffixe : <strong><em>croire<\/em><\/strong> =&gt; <em>pas croyable <\/em>et <em>incroyable <\/em>ou <em>cr\u00e9dible<\/em> et<em> peu cr\u00e9dible.<\/em><\/li><\/ul>\n\n\n\n<h2 class=\"wp-block-heading\">[\u025b\u0303] et [i] : la phon\u00e9tique des antonymes <\/h2>\n\n\n\n<p>Maintenant, je te propose un petit <strong>travail<\/strong> sur la <strong>prononciation<\/strong> : parmi les <strong>adjectifs<\/strong> suivants, certains se prononcent [\u025b\u0303] comme <em>vin<\/em>, d&rsquo;autres se prononcent [i] comme <em>victoire<\/em>. <\/p>\n\n\n\n<h3 class=\"wp-block-heading\">\u00c0 toi de jouer :<\/h3>\n\n\n\n<p>Choisis <strong>quel adjectif <\/strong>se prononce <strong>comment <\/strong>et r\u00e9fl\u00e9chis \u00e0 la <strong>r\u00e8gle de phon\u00e9tique<\/strong> qui justifie cette prononciation.<\/p>\n\n\n\n<ul class=\"wp-block-list\"><li><em>insoluble &#8211; inutilisable &#8211; inadmissible &#8211; infatigable &#8211; inextinguible &#8211; imp\u00e9rissable &#8211; inavouable &#8211; infaillible &#8211; immuable &#8211; immangeable &#8211; in\u00e9ligible &#8211; invincible &#8211; intol\u00e9rable&#8230; <\/em><\/li><\/ul>\n\n\n\n<p>Alors&#8230; Tout est clair pour toi ? Je te donne quand m\u00eame la correction ? Les adjectifs en caract\u00e8res <strong>gras<\/strong> se prononcent [\u025b\u0303], les autres, ceux qui sont <em>en italique <\/em>sont prononc\u00e9s [i] :<\/p>\n\n\n\n<ul class=\"wp-block-list\"><li><em><strong>insoluble<\/strong> &#8211; inutilisable &#8211; inadmissible &#8211; <strong>infatigable<\/strong> &#8211; inextinguible &#8211; <strong>imp\u00e9rissable<\/strong> &#8211; inavouable &#8211; <strong>infaillible<\/strong> &#8211; immuable &#8211; <strong>immangeable<\/strong> &#8211; in\u00e9ligible &#8211; <strong>invincible<\/strong> &#8211; <strong>intol\u00e9rable<\/strong>&#8230; <\/em><\/li><\/ul>\n\n\n\n<h3 class=\"wp-block-heading\">La r\u00e8gle de phon\u00e9tique<\/h3>\n\n\n\n<ul class=\"wp-block-list\"><li>On prononce [\u025b\u0303] quand le pr\u00e9fixe <strong><em>in<\/em><\/strong>&#8211; ou <em><strong>im<\/strong><\/em>&#8211; est suivi d&rsquo;une consonne (<em><strong>infatigable, imp\u00e9rissable<\/strong><\/em>) et pour le mot<strong><em> immangeable <\/em><\/strong><em><strong>(i+mm-) <\/strong><\/em>qui constitue une exception.<\/li><\/ul>\n\n\n\n<ul class=\"wp-block-list\"><li>On prononce [i] quand le pr\u00e9fixe <strong><em>in<\/em><\/strong>&#8211; ou <em><strong>im<\/strong><\/em>&#8211; est suivi d&rsquo;une voyelle (<em><strong>inutilisable, in\u00e9ligible<\/strong><\/em>). On prononce \u00e9galement  [i] pour<strong><em> i+mm<\/em><\/strong>&#8211; (par exemple<em><strong> immuable<\/strong><\/em>).<\/li><\/ul>\n\n\n<div class=\"wp-block-image\">\n<figure class=\"aligncenter size-full is-resized\"><img loading=\"lazy\" decoding=\"async\" src=\"http:\/\/www.chez-prisc-chris.com\/blog\/wp-content\/uploads\/2022\/06\/371030-PB8Y18-324.jpg\" alt=\"\" class=\"wp-image-586\" width=\"609\" height=\"456\" srcset=\"http:\/\/www.chez-prisc-chris.com\/blog\/wp-content\/uploads\/2022\/06\/371030-PB8Y18-324.jpg 800w, http:\/\/www.chez-prisc-chris.com\/blog\/wp-content\/uploads\/2022\/06\/371030-PB8Y18-324-300x225.jpg 300w, http:\/\/www.chez-prisc-chris.com\/blog\/wp-content\/uploads\/2022\/06\/371030-PB8Y18-324-768x576.jpg 768w\" sizes=\"auto, (max-width: 609px) 100vw, 609px\" \/><\/figure>\n<\/div>\n\n\n<h2 class=\"wp-block-heading\">Des mots d\u00e9riv\u00e9s des adjectifs en <em>-able, -ible, -uble<\/em><\/h2>\n\n\n\n<p>Il arrive qu&rsquo;on puisse construire d&rsquo;autres mots, noms ou adverbes \u00e0 partir des adjectif en <em>-able, -ible, -ubl<\/em>e :<\/p>\n\n\n\n<h3 class=\"wp-block-heading\">Des noms<\/h3>\n\n\n\n<ul class=\"wp-block-list\"><li><strong>\u00e9lire<\/strong> =&gt; <strong><em>\u00e9ligible<\/em><\/strong> =&gt; <em>l&rsquo;\u00e9ligibilit\u00e9 <\/em>et <em>l&rsquo;in\u00e9ligibilit\u00e9 <\/em>(tous 2 f\u00e9minins, bien s\u00fbr !)<\/li><li><strong>croire<\/strong> =&gt; <strong><em>cr\u00e9dible<\/em><\/strong> =&gt; <em>la cr\u00e9dibilit\u00e9.<\/em><\/li><li><strong>faire<\/strong> =&gt; <strong><em>faisable<\/em><\/strong> =&gt; <em>la faisabilit\u00e9 <\/em>et <em>l&rsquo;infaisabilit\u00e9<\/em><\/li><li><strong>voir<\/strong> =&gt; <strong><em>visible<\/em><\/strong> =&gt;<em> la visibilit\u00e9<\/em> et <em>l&rsquo;invisibilit\u00e9<\/em><\/li><li><strong>vaincre<\/strong> =&gt; <strong><em>invincible<\/em><\/strong> =&gt; <em>l&rsquo;invincibilit\u00e9<\/em><\/li><li><strong>pratiquer<\/strong> =&gt; <strong><em>praticable<\/em><\/strong> =&gt; <em>la praticabilit\u00e9<\/em> et <em>l&rsquo;impraticabilit\u00e9<\/em><\/li><li>etc.<\/li><\/ul>\n\n\n\n<h3 class=\"wp-block-heading\">Des adverbes<\/h3>\n\n\n\n<ul class=\"wp-block-list\"><li><strong>noter<\/strong> =&gt; <em><strong>notable<\/strong> =&gt; notablement<\/em><\/li><li><strong>remarquer<\/strong> =&gt;<em> <strong>remarquable<\/strong> =&gt; remarquablement<\/em><\/li><li><strong>croire<\/strong> =&gt; <em><strong>incroyable<\/strong> =&gt; incroyablement<\/em><\/li><li><strong>faillir<\/strong> =&gt; <em><strong>infaillible<\/strong> =&gt; infailliblement<\/em><\/li><li><strong>lire<\/strong> =&gt; <em><strong>lisible<\/strong> =&gt; lisiblement <\/em>et<em> illisiblement<\/em><\/li><li><strong>valoir<\/strong> =&gt; <strong><em>valable<\/em><\/strong> <em>=&gt; valablement<\/em><\/li><li>etc.<\/li><\/ul>\n\n\n\n<h2 class=\"wp-block-heading\">Voil\u00e0&#8230; <\/h2>\n\n\n\n<p>Et <strong>maintenant<\/strong>, la prochaine fois que tu rencontres un adjectif dont le suffixe est <em>-able, -ible, -ubl<\/em>e, tu sais ce qui te restes \u00e0 faire : si tu ne le comprends pas, attends un peu avant de le chercher dans ton dictionnaire. Prends le temps de regarder si tu ne reconnais pas un autre mot, nom ou verbe \u00ab\u00a0cach\u00e9\u00a0\u00bb dans cet adjectif. <\/p>\n\n\n\n<p>Et n&rsquo;oublie pas qu&rsquo;il y a peut-\u00eatre un pr\u00e9fixe (tu le coupes), et un suffixe (coupe, coupe) !<\/p>\n","protected":false},"excerpt":{"rendered":"<p>La langue fran\u00e7aise fonctionne parfois comme une malle aux tr\u00e9sors : si tu disposes d&rsquo;une cl\u00e9 pour l&rsquo;ouvrir, tu profiteras de richesses insoup\u00e7onnables ! Aujourd&rsquo;hui, je vais te donner l&rsquo;une de ces cl\u00e9s qui te permettra d&rsquo;am\u00e9liorer ton vocabulaire de mani\u00e8re notable, tant dans la compr\u00e9hension que dans l&rsquo;expression. <\/p>\n","protected":false},"author":2,"featured_media":575,"comment_status":"open","ping_status":"open","sticky":false,"template":"","format":"standard","meta":{"_uag_custom_page_level_css":"","_kad_post_transparent":"","_kad_post_title":"","_kad_post_layout":"","_kad_post_sidebar_id":"","_kad_post_content_style":"","_kad_post_vertical_padding":"","_kad_post_feature":"","_kad_post_feature_position":"","_kad_post_header":false,"_kad_post_footer":false,"footnotes":""},"categories":[7],"tags":[],"class_list":["post-567","post","type-post","status-publish","format-standard","has-post-thumbnail","hentry","category-vocabulaire-francais"],"uagb_featured_image_src":{"full":["http:\/\/www.chez-prisc-chris.com\/blog\/wp-content\/uploads\/2022\/06\/coffre-tresor.jpg",1280,853,false],"thumbnail":["http:\/\/www.chez-prisc-chris.com\/blog\/wp-content\/uploads\/2022\/06\/coffre-tresor-150x150.jpg",150,150,true],"medium":["http:\/\/www.chez-prisc-chris.com\/blog\/wp-content\/uploads\/2022\/06\/coffre-tresor-300x200.jpg",300,200,true],"medium_large":["http:\/\/www.chez-prisc-chris.com\/blog\/wp-content\/uploads\/2022\/06\/coffre-tresor-768x512.jpg",768,512,true],"large":["http:\/\/www.chez-prisc-chris.com\/blog\/wp-content\/uploads\/2022\/06\/coffre-tresor-1024x682.jpg",1024,682,true],"hd_qu_size2":["http:\/\/www.chez-prisc-chris.com\/blog\/wp-content\/uploads\/2022\/06\/coffre-tresor.jpg",400,267,false],"1536x1536":["http:\/\/www.chez-prisc-chris.com\/blog\/wp-content\/uploads\/2022\/06\/coffre-tresor.jpg",1280,853,false],"2048x2048":["http:\/\/www.chez-prisc-chris.com\/blog\/wp-content\/uploads\/2022\/06\/coffre-tresor.jpg",1280,853,false]},"uagb_author_info":{"display_name":"Priscilla","author_link":"http:\/\/www.chez-prisc-chris.com\/blog\/author\/prisc\/"},"uagb_comment_info":2,"uagb_excerpt":"La langue fran\u00e7aise fonctionne parfois comme une malle aux tr\u00e9sors : si tu disposes d'une cl\u00e9 pour l'ouvrir, tu profiteras de richesses insoup\u00e7onnables ! Aujourd'hui, je vais te donner l'une de ces cl\u00e9s qui te permettra d'am\u00e9liorer ton vocabulaire de mani\u00e8re notable, tant dans la compr\u00e9hension que dans l'expression.","_links":{"self":[{"href":"http:\/\/www.chez-prisc-chris.com\/blog\/wp-json\/wp\/v2\/posts\/567","targetHints":{"allow":["GET"]}}],"collection":[{"href":"http:\/\/www.chez-prisc-chris.com\/blog\/wp-json\/wp\/v2\/posts"}],"about":[{"href":"http:\/\/www.chez-prisc-chris.com\/blog\/wp-json\/wp\/v2\/types\/post"}],"author":[{"embeddable":true,"href":"http:\/\/www.chez-prisc-chris.com\/blog\/wp-json\/wp\/v2\/users\/2"}],"replies":[{"embeddable":true,"href":"http:\/\/www.chez-prisc-chris.com\/blog\/wp-json\/wp\/v2\/comments?post=567"}],"version-history":[{"count":12,"href":"http:\/\/www.chez-prisc-chris.com\/blog\/wp-json\/wp\/v2\/posts\/567\/revisions"}],"predecessor-version":[{"id":587,"href":"http:\/\/www.chez-prisc-chris.com\/blog\/wp-json\/wp\/v2\/posts\/567\/revisions\/587"}],"wp:featuredmedia":[{"embeddable":true,"href":"http:\/\/www.chez-prisc-chris.com\/blog\/wp-json\/wp\/v2\/media\/575"}],"wp:attachment":[{"href":"http:\/\/www.chez-prisc-chris.com\/blog\/wp-json\/wp\/v2\/media?parent=567"}],"wp:term":[{"taxonomy":"category","embeddable":true,"href":"http:\/\/www.chez-prisc-chris.com\/blog\/wp-json\/wp\/v2\/categories?post=567"},{"taxonomy":"post_tag","embeddable":true,"href":"http:\/\/www.chez-prisc-chris.com\/blog\/wp-json\/wp\/v2\/tags?post=567"}],"curies":[{"name":"wp","href":"https:\/\/api.w.org\/{rel}","templated":true}]}}