{"id":1866,"date":"2022-10-24T21:15:22","date_gmt":"2022-10-24T19:15:22","guid":{"rendered":"http:\/\/www.chez-prisc-chris.com\/blog\/?p=1866"},"modified":"2023-03-08T19:57:41","modified_gmt":"2023-03-08T18:57:41","slug":"le-registre-soutenu-en-francais-specificites-du-vocabulaire","status":"publish","type":"post","link":"http:\/\/www.chez-prisc-chris.com\/blog\/le-registre-soutenu-en-francais-specificites-du-vocabulaire\/","title":{"rendered":"Le registre soutenu en fran\u00e7ais : sp\u00e9cificit\u00e9s du vocabulaire"},"content":{"rendered":"\n<p>Que ce soit <strong>\u00e0 l&rsquo;\u00e9crit<\/strong> ou <strong>\u00e0 l&rsquo;oral<\/strong>, <strong>la mani\u00e8re dont on s&rsquo;exprime d\u00e9finit qui on est.<\/strong><br>En tout cas, c&rsquo;est <strong>sur cette<\/strong> <strong>base <\/strong>que <strong>les autres<\/strong> vont <strong>nous<\/strong> <strong>juger<\/strong>. \u00catre capable d&rsquo;<strong>\u00e9valuer<\/strong> une situation et d&rsquo;<strong>ajuster <\/strong>son <strong><a href=\"https:\/\/www.chez-prisc-chris.com\/blog\/le-registre-soutenu-en-francais-specificites-de-la-grammaire\/\" data-type=\"URL\" data-id=\"https:\/\/www.chez-prisc-chris.com\/blog\/le-registre-soutenu-en-francais-specificites-de-la-grammaire\/\" target=\"_blank\" rel=\"noreferrer noopener\">niveau de langue<\/a><\/strong> en cons\u00e9quence est important quand <strong>on communique<\/strong>. C&rsquo;est ce que tu vas faire spontan\u00e9ment <strong>dans ta langue maternelle<\/strong>&#8230;<\/p>\n\n\n\n<p>En effet, tu ne vas pas <strong>t&rsquo;exprimer de la m\u00eame mani\u00e8re<\/strong> quand tu envoies une <strong>lettre de motivation<\/strong> pour le job de tes r\u00eaves dans une <strong>grande entreprise <\/strong>et quand <strong>tu \u00e9cris un SMS \u00e0 tes amis<\/strong>.<\/p>\n\n\n\n<p>De m\u00eame, lors d&rsquo;<strong>un <a href=\"https:\/\/www.chez-prisc-chris.com\/blog\/etre-au-top-le-jour-de-ton-entretien-dembauche\/\" data-type=\"URL\" data-id=\"https:\/\/www.chez-prisc-chris.com\/blog\/etre-au-top-le-jour-de-ton-entretien-dembauche\/\" target=\"_blank\" rel=\"noreferrer noopener\">entretien d&#8217;embauche<\/a> <\/strong>ou d&rsquo;un <a href=\"https:\/\/www.chez-prisc-chris.com\/blog\/la-production-orale-du-delf-b1-comment-etre-au-top-le-jour-j\/\" data-type=\"URL\" data-id=\"https:\/\/www.chez-prisc-chris.com\/blog\/la-production-orale-du-delf-b1-comment-etre-au-top-le-jour-j\/\" target=\"_blank\" rel=\"noreferrer noopener\"><strong>examen oral<\/strong>,<\/a> tu choisiras un <strong>certain degr\u00e9 de formalisme<\/strong> qui n&rsquo;aura probablement rien \u00e0 voir avec <strong>ta fa\u00e7on habituelle de parler<\/strong>.<\/p>\n\n\n\n<p>Quand on <strong>\u00e9tudie le fran\u00e7ais<\/strong>, ce qu&rsquo;on apprend le plus souvent, c&rsquo;est <strong>le registre STANDARD<\/strong> ou <strong>COURANT<\/strong>, le <strong>niveau de langue<\/strong> qui sera <strong>correct aussi bien \u00e0 l&rsquo;\u00e9crit<\/strong> <strong>qu&rsquo;\u00e0 l&rsquo;oral<\/strong>.<\/p>\n\n\n\n<p>En g\u00e9n\u00e9ral, cette <strong>mani\u00e8re de parler <\/strong>n&rsquo;a pas grand chose \u00e0 voir avec le <strong>registre FAMILIER<\/strong>, la fa\u00e7on dont <strong>les <\/strong><a href=\"https:\/\/www.chez-prisc-chris.com\/blog\/le-verlan-la-langue-francaise-a-lenvers\/\" data-type=\"URL\" data-id=\"https:\/\/www.chez-prisc-chris.com\/blog\/le-verlan-la-langue-francaise-a-lenvers\/\" target=\"_blank\" rel=\"noreferrer noopener\"><strong>Fran\u00e7ais<\/strong> <strong>s&rsquo;expriment au quotidien.<\/strong><\/a><\/p>\n\n\n<div class=\"wp-block-image\">\n<figure class=\"aligncenter size-large is-resized\"><img loading=\"lazy\" decoding=\"async\" src=\"http:\/\/www.chez-prisc-chris.com\/blog\/wp-content\/uploads\/2022\/07\/cute-lady-in-beret-and-sunglasses-blows-kiss-against-background-of-sakura-attractive-stylish-woman-in-red-sweater-coquettishly-posing-in-garden-1024x683.jpg\" alt=\"\" class=\"wp-image-759\" width=\"348\" height=\"231\" srcset=\"http:\/\/www.chez-prisc-chris.com\/blog\/wp-content\/uploads\/2022\/07\/cute-lady-in-beret-and-sunglasses-blows-kiss-against-background-of-sakura-attractive-stylish-woman-in-red-sweater-coquettishly-posing-in-garden-1024x683.jpg 1024w, http:\/\/www.chez-prisc-chris.com\/blog\/wp-content\/uploads\/2022\/07\/cute-lady-in-beret-and-sunglasses-blows-kiss-against-background-of-sakura-attractive-stylish-woman-in-red-sweater-coquettishly-posing-in-garden-300x200.jpg 300w, http:\/\/www.chez-prisc-chris.com\/blog\/wp-content\/uploads\/2022\/07\/cute-lady-in-beret-and-sunglasses-blows-kiss-against-background-of-sakura-attractive-stylish-woman-in-red-sweater-coquettishly-posing-in-garden-768x512.jpg 768w, http:\/\/www.chez-prisc-chris.com\/blog\/wp-content\/uploads\/2022\/07\/cute-lady-in-beret-and-sunglasses-blows-kiss-against-background-of-sakura-attractive-stylish-woman-in-red-sweater-coquettishly-posing-in-garden-1536x1024.jpg 1536w, http:\/\/www.chez-prisc-chris.com\/blog\/wp-content\/uploads\/2022\/07\/cute-lady-in-beret-and-sunglasses-blows-kiss-against-background-of-sakura-attractive-stylish-woman-in-red-sweater-coquettishly-posing-in-garden-2048x1365.jpg 2048w\" sizes=\"auto, (max-width: 348px) 100vw, 348px\" \/><\/figure>\n<\/div>\n\n\n<p>Et, sauf quand ils ont un cours avec des <strong>\u00e9tudiants avanc\u00e9s<\/strong>, les <strong>enseignants de fran\u00e7ais<\/strong> ne se concentrent gu\u00e8re sur le <strong>registre SOUTENU<\/strong>, la mani\u00e8re de s&rsquo;exprimer qui sera <strong>la plus sophistiqu\u00e9e, la plus formelle.<\/strong><\/p>\n\n\n\n<h5 class=\"wp-block-heading\">Dans cet article, je vais te pr\u00e9senter certaines facettes soutenues de la langue fran\u00e7aise.<\/h5>\n\n\n\n<h2 class=\"wp-block-heading\">Les registres de langue<\/h2>\n\n\n\n<p><strong>Les registres de langue<\/strong> varient en fonction <strong>de la<\/strong> <strong>situation de communication<\/strong> dans laquelle on se trouve, mais \u00e9galement en fonction <strong>de<\/strong> <strong>son interlocuteur<\/strong>, <strong>du message<\/strong> qu&rsquo;on veut faire passer ou <strong>de l&rsquo;image<\/strong> qu&rsquo;on veut donner de soi.<\/p>\n\n\n\n<p><strong>On r\u00e9sume <\/strong>bien souvent les <strong>registres de langue<\/strong> aux <strong>3 degr\u00e9s de formalisme<\/strong> suivants : <em>soutenu, standard (courant) ou familier<\/em>. Mais on pourrait en rajouter bien d&rsquo;autres :<\/p>\n\n\n<div class=\"wp-block-image\">\n<figure class=\"aligncenter size-large is-resized\"><img loading=\"lazy\" decoding=\"async\" src=\"http:\/\/www.chez-prisc-chris.com\/blog\/wp-content\/uploads\/2022\/10\/2048x1536-fit_louis-xiv-1701-hyacinthe-rigaud-musee-louvre-2625887242-1024x685.jpg\" alt=\"\" class=\"wp-image-1770\" width=\"451\" height=\"301\" srcset=\"http:\/\/www.chez-prisc-chris.com\/blog\/wp-content\/uploads\/2022\/10\/2048x1536-fit_louis-xiv-1701-hyacinthe-rigaud-musee-louvre-2625887242-1024x685.jpg 1024w, http:\/\/www.chez-prisc-chris.com\/blog\/wp-content\/uploads\/2022\/10\/2048x1536-fit_louis-xiv-1701-hyacinthe-rigaud-musee-louvre-2625887242-300x201.jpg 300w, http:\/\/www.chez-prisc-chris.com\/blog\/wp-content\/uploads\/2022\/10\/2048x1536-fit_louis-xiv-1701-hyacinthe-rigaud-musee-louvre-2625887242-768x514.jpg 768w, http:\/\/www.chez-prisc-chris.com\/blog\/wp-content\/uploads\/2022\/10\/2048x1536-fit_louis-xiv-1701-hyacinthe-rigaud-musee-louvre-2625887242-1536x1028.jpg 1536w, http:\/\/www.chez-prisc-chris.com\/blog\/wp-content\/uploads\/2022\/10\/2048x1536-fit_louis-xiv-1701-hyacinthe-rigaud-musee-louvre-2625887242.jpg 2048w\" sizes=\"auto, (max-width: 451px) 100vw, 451px\" \/><\/figure>\n<\/div>\n\n\n<ul class=\"wp-block-list\">\n<li><strong><em>le fran\u00e7ais pr\u00e9cieux <\/em><\/strong>: une langue ancienne, vieillie, sophistiqu\u00e9e et quelque peu ridicule, <\/li>\n\n\n\n<li><strong><em>le fran\u00e7ais d\u00e9suet<\/em> <\/strong>: une langue vieillie, mais charmante, <\/li>\n\n\n\n<li><strong><em>le fran\u00e7ais litt\u00e9raire <\/em><\/strong>: langue de la litt\u00e9rature, donc ! <\/li>\n\n\n\n<li><strong><em>le fran\u00e7ais soign\u00e9 <\/em><\/strong>:  une mani\u00e8re de parler recherch\u00e9e : on veille \u00e0 choisir chaque mot et chaque tournure pour \u00e9viter toute familiarit\u00e9,<\/li>\n\n\n\n<li><strong><em>le fran\u00e7ais vulgaire, grossier, ordurier <\/em><\/strong>: plus familier que familier, \u00e0 utiliser en connaissance de cause&#8230;<\/li>\n<\/ul>\n\n\n\n<h3 class=\"wp-block-heading\">Quelques exemples exprim\u00e9s en fran\u00e7ais&#8230;<\/h3>\n\n\n\n<figure class=\"wp-block-table is-style-stripes\"><table class=\"has-text-color has-fixed-layout\" style=\"color:#a75881\"><thead><tr><th>PR\u00c9CIEUX, D\u00c9SUET<\/th><th>SOIGN\u00c9, SOUTENU<\/th><th>COURANT, STANDARD<\/th><th>FAMILIER<\/th><th>VULGAIRE, GROSSIER<\/th><\/tr><\/thead><tbody><tr><td><br>Il s&rsquo;est \u00e9teint <br>Il a succomb\u00e9 <br>Il a tr\u00e9pass\u00e9<br><\/td><td>Il  est d\u00e9c\u00e9d\u00e9<br>Il  a perdu la vie Il  nous a quitt\u00e9s<\/td><td><strong>Il est mort<\/strong><\/td><td>Il a cass\u00e9 sa pipe<br>Il a clams\u00e9<\/td><td>Il a crev\u00e9 comme un chien<\/td><\/tr><tr><td>Peu me chaut<\/td><td><br>Peu m&rsquo;importe Qu&rsquo;importe !<br><\/td><td><strong>\u00c7a m&rsquo;est \u00e9gal<\/strong><\/td><td>Je m&rsquo;en fiche <br>Je m&rsquo;en moque \u00c7a me fait une belle jambe<\/td><td>J&rsquo;en ai rien \u00e0 foutre. Je m&rsquo;en bats les couilles<\/td><\/tr><tr><td>Nous avons fait ripaille. Nous nous sommes sustent\u00e9s<\/td><td>Nous avons  mang\u00e9 \u00e0 sati\u00e9t\u00e9.<br>Nous sommes rassasi\u00e9s <\/td><td><strong>On a bien mang\u00e9<\/strong><\/td><td>On a cass\u00e9 la cro\u00fbte<\/td><td>on a grave bouff\u00e9. On s&rsquo;est b\u00e2fr\u00e9s<\/td><\/tr><tr><td>Ils se sont fait gruger. Ils ont \u00e9t\u00e9 bern\u00e9s. Ce fut un march\u00e9 de dupes<\/td><td>On les a induits en erreur. Ils se sont fait leurrer<\/td><td><strong>On les a tromp\u00e9s<\/strong><\/td><td>Ils ont \u00e9t\u00e9 arnaqu\u00e9s. Ils se sont fait rouler. On les a men\u00e9s en bateau<\/td><td>Ils se sont fait baiser. On les a entub\u00e9s. On leur a fait un enfant dans le dos<\/td><\/tr><tr><td>Elle est fourbue Elle est harass\u00e9e<\/td><td>Elle est \u00e9puis\u00e9e. Elle est ext\u00e9nu\u00e9e <\/td><td><strong>Elle est fatigu\u00e9e<\/strong><\/td><td>Elle est claqu\u00e9e, flagada, au bout du rouleau, sur les rotules<\/td><td>Elle est cann\u00e9e Elle est crev\u00e9e,<br>Elle est en PLS* <\/td><\/tr><\/tbody><\/table><figcaption class=\"wp-element-caption\">* <strong><em>Position Lat\u00e9rale de S\u00e9curit\u00e9<\/em><\/strong> : une nouvelle expression tr\u00e8s famili\u00e8re utilis\u00e9e par les jeunes aujourd&rsquo;hui.<\/figcaption><\/figure>\n\n\n\n<p><\/p>\n\n\n\n<h2 class=\"wp-block-heading\">Employer les registres de langue <\/h2>\n\n\n\n<p>Utiliser les <strong>registres de langue<\/strong> d&rsquo;une <strong>fa\u00e7on correcte et qui soit adapt\u00e9e <\/strong>aux diff\u00e9rentes<strong> situations de communication<\/strong> est une <strong>exigence sociale<\/strong>. Si l&rsquo;on <strong>se trompe dans leur emploi<\/strong>, cela va constituer <strong>un \u00e9cart par rapport \u00e0 la norme <\/strong>qui peut \u00eatre vu, au mieux comme une <strong>fausse note<\/strong>, au pire comme une <strong>forme d&rsquo;agression verbale intol\u00e9rable.<\/strong> <\/p>\n\n\n\n<p>Et <strong>cette rupture de la norme<\/strong> n&rsquo;est <strong>pas sans cons\u00e9quences<\/strong>. Ainsi, pendant un <strong><strong>entretien d&#8217;embauche<\/strong><\/strong>, s&rsquo;exprimer en<strong> fran\u00e7ais familier <\/strong>risque de <strong>nuire au candidat<\/strong> et peut lui co\u00fbter le poste qu&rsquo;il convoitait et pour lequel il avait pourtant toutes les qualifications requises. <\/p>\n\n\n<div class=\"wp-block-image\">\n<figure class=\"aligncenter size-large is-resized\"><img loading=\"lazy\" decoding=\"async\" src=\"http:\/\/www.chez-prisc-chris.com\/blog\/wp-content\/uploads\/2022\/08\/young-g0f5aece72_1280-1024x682.jpg\" alt=\"\" class=\"wp-image-1241\" width=\"456\" height=\"304\" srcset=\"http:\/\/www.chez-prisc-chris.com\/blog\/wp-content\/uploads\/2022\/08\/young-g0f5aece72_1280-1024x682.jpg 1024w, http:\/\/www.chez-prisc-chris.com\/blog\/wp-content\/uploads\/2022\/08\/young-g0f5aece72_1280-300x200.jpg 300w, http:\/\/www.chez-prisc-chris.com\/blog\/wp-content\/uploads\/2022\/08\/young-g0f5aece72_1280-768x512.jpg 768w, http:\/\/www.chez-prisc-chris.com\/blog\/wp-content\/uploads\/2022\/08\/young-g0f5aece72_1280.jpg 1280w\" sizes=\"auto, (max-width: 456px) 100vw, 456px\" \/><\/figure>\n<\/div>\n\n\n<p>Par ailleurs, si tu <strong>parles un fran\u00e7ais soutenu<\/strong> alors que tout le monde dans ton entourage s&rsquo;exprime dans une <strong>langue famili\u00e8re ou vulgaire<\/strong>, tu passeras pour une <strong>personne snob ou arrogante&#8230; <\/strong>Pas tr\u00e8s agr\u00e9able quand on veut <strong>se fondre dans son environnement <\/strong>ou simplement <strong>s&rsquo;int\u00e9grer \u00e0 un nouveau cercle de connaissances <\/strong>!<\/p>\n\n\n\n<h1 class=\"wp-block-heading\">Quelques sp\u00e9cificit\u00e9s du fran\u00e7ais soutenu<\/h1>\n\n\n\n<h2 class=\"wp-block-heading\">Au niveau du lexique<\/h2>\n\n\n\n<p>Si tu tiens \u00e0 <strong>t&rsquo;exprimer dans un style soign\u00e9 et recherch\u00e9<\/strong>, tu devras <strong>tout d&rsquo;abord<\/strong> <strong>d\u00e9velopper un r\u00e9flexe<\/strong> et appliquer le mantra suivant : il faut <strong>chasser les <em>mots passe-partout<\/em><\/strong>. <\/p>\n\n\n\n<p><strong>Les mots passe-partout,<\/strong> ce sont <em><strong>des facilit\u00e9s de langage<\/strong><\/em>. Ce sont des mots que tu pourras employer dans de multiples situations, avec des sens diff\u00e9rents&#8230; Si tu d\u00e9sires plus d&rsquo;informations \u00e0 ce sujet, je te recommande l&rsquo;article que j&rsquo;ai \u00e9crit : <strong><a href=\"https:\/\/www.chez-prisc-chris.com\/blog\/les-mots-passe-partout\/\">Les mots passe-partout<\/a><\/strong>.<\/p>\n\n\n\n<p><strong>Les mots passe-partout<\/strong>, <strong>c&rsquo;est bien pratique, me diras-tu ! Certes&#8230;<\/strong> Mais pas si tu veux <strong>d\u00e9velopper une certaine exigence <\/strong>au niveau de ton <strong>expression en fran\u00e7ais. <\/strong><br>L\u00e0, il te faudra <strong>les bannir, les chasser<\/strong> de ton vocabulaire ! <strong>2 exemples :<\/strong><\/p>\n\n\n\n<h3 class=\"wp-block-heading\">Exemples avec un verbe passe-partout :<em> faire <\/em><\/h3>\n\n\n\n<ul class=\"wp-block-list\">\n<li><strong>Faire <\/strong>la f\u00eate <em>\u2192<\/em> organiser, pr\u00e9parer une f\u00eate, c\u00e9l\u00e9brer un \u00e9v\u00e9nement<\/li>\n\n\n\n<li><strong>Faire <\/strong>la t\u00eate, <strong>faire<\/strong> la gueule <em>\u2192<\/em> bouder, en vouloir \u00e0 quelqu&rsquo;un<\/li>\n\n\n\n<li><strong>Faire <\/strong>une maison <em>\u2192<\/em> b\u00e2tir, construire, \u00e9difier<\/li>\n\n\n\n<li><strong>Faire <\/strong>une erreur <em>\u2192<\/em> commettre une erreur, se tromper, se fourvoyer<\/li>\n\n\n\n<li><strong>Faire <\/strong>3 euros <em>\u2192<\/em> co\u00fbter, valoir<\/li>\n\n\n\n<li><strong>Faire <\/strong>un tour <em>\u2192<\/em> se promener, fl\u00e2ner<\/li>\n\n\n\n<li><strong>Faire <\/strong>une chute <em>\u2192<\/em> tomber, chuter<\/li>\n\n\n\n<li><strong>Faire <\/strong>le repas<em> \u2192<\/em> pr\u00e9parer, cuisiner<\/li>\n<\/ul>\n\n\n\n<h3 class=\"wp-block-heading\">Exemples avec un nom passe-partout :<em> chose<\/em><\/h3>\n\n\n\n<ul class=\"wp-block-list\">\n<li><em>Je t&rsquo;ai rapport\u00e9 un <strong>petit quelque chose <\/strong>de Paris<\/em> <em>\u2192<\/em> un cadeau, une babiole, un souvenir<\/li>\n\n\n\n<li><em>Le Festival de Cannes est <strong>une chose<\/strong> importante<\/em> <em>\u2192<\/em> un \u00e9v\u00e8nement, une c\u00e9l\u00e9bration<\/li>\n\n\n\n<li><em>N&rsquo;oublie pas d&#8217;emporter <strong>toutes tes choses<\/strong><\/em> <em>\u2192<\/em> tes affaires, ton \u00e9quipement, ton mat\u00e9riel<\/li>\n\n\n\n<li><em>Ils parlaient de <strong>choses <\/strong>et d&rsquo;autres \u2192<\/em> ils discutaient \u00e0 b\u00e2tons rompus, ils s&rsquo;entretenaient sur des sujets divers, ils conversaient, ils parlaient de la pluie et du beau temps&#8230;<\/li>\n\n\n\n<li><em>C&rsquo;est <strong>chose<\/strong> faite \u2192<\/em> l&rsquo;action est r\u00e9alis\u00e9e,  accomplie. C&rsquo;est termin\u00e9&#8230;<\/li>\n\n\n\n<li><em>Il <strong>a bien fait <\/strong>les choses \u2192<\/em> il s&rsquo;est acquitt\u00e9 correctement de sa t\u00e2che<\/li>\n\n\n\n<li><em>\u00c7a m&rsquo;a fait <strong>quelque chose<\/strong> de le revoir<\/em> <em>\u2192<\/em> \u00e7a m&rsquo;a \u00e9mu, touch\u00e9, affect\u00e9, boulevers\u00e9&#8230;<\/li>\n\n\n\n<li><em>Tu devrais faire <strong>quelque chose<\/strong> pour lui \u2192<\/em> agir, \u00eatre actif, lui venir en aide, intervenir&#8230;<\/li>\n<\/ul>\n\n\n\n<p>Pour <strong>t&rsquo;exprimer en fran\u00e7ais avec \u00e9l\u00e9gance<\/strong>, il te faudra <strong>enrichir ton vocabulaire<\/strong>, \u00e7a tombe sous le sens, non ? C&rsquo;est <strong>particuli\u00e8rement important<\/strong> quand tu dois <strong>\u00e9crire un texte formel <\/strong>(lettre de motivation, dissertation pour l&rsquo;\u00e9cole ou l&rsquo;universit\u00e9, <strong>lettre d&rsquo;amour \u00e0 ton professeur Priscilla&#8230;)<\/strong><\/p>\n\n\n<div class=\"wp-block-image\">\n<figure class=\"aligncenter size-large is-resized\"><img loading=\"lazy\" decoding=\"async\" src=\"http:\/\/www.chez-prisc-chris.com\/blog\/wp-content\/uploads\/2022\/07\/je-veux-de-lamour-1024x768.jpg\" alt=\"\" class=\"wp-image-834\" width=\"389\" height=\"291\" srcset=\"http:\/\/www.chez-prisc-chris.com\/blog\/wp-content\/uploads\/2022\/07\/je-veux-de-lamour-1024x768.jpg 1024w, http:\/\/www.chez-prisc-chris.com\/blog\/wp-content\/uploads\/2022\/07\/je-veux-de-lamour-300x225.jpg 300w, http:\/\/www.chez-prisc-chris.com\/blog\/wp-content\/uploads\/2022\/07\/je-veux-de-lamour-768x576.jpg 768w, http:\/\/www.chez-prisc-chris.com\/blog\/wp-content\/uploads\/2022\/07\/je-veux-de-lamour-1536x1152.jpg 1536w, http:\/\/www.chez-prisc-chris.com\/blog\/wp-content\/uploads\/2022\/07\/je-veux-de-lamour-2048x1536.jpg 2048w\" sizes=\"auto, (max-width: 389px) 100vw, 389px\" \/><\/figure>\n<\/div>\n\n\n<p>Dans ces diverses situations, <strong>je te recommande<\/strong> de t&rsquo;arr\u00eater un instant sur <strong>chaque mot<\/strong> et de <strong>r\u00e9fl\u00e9chir <\/strong>afin de d\u00e9terminer si tu ne conna\u00eetrais pas <strong>un terme plus pr\u00e9cis, plus adapt\u00e9 au contexte ET plus soutenu. <\/strong><\/p>\n\n\n\n<p>Un <strong>r\u00e9flexe indispensable <\/strong>\u00e0 mon sens est, <strong>lorsque tu \u00e9cris<\/strong>, de <strong>recourir \u00e0 un dictionnaire<\/strong>, ou \u00e0 un <strong>dictionnaire des synonymes<\/strong> qui te proposeront de nombreuses alternatives. <br><strong>En ligne,<\/strong> je te propose <strong>les deux dictionnaires de r\u00e9f\u00e9rence de la langue fran\u00e7aise<\/strong> : <strong><a href=\"https:\/\/www.larousse.fr\">Larousse<\/a><\/strong> et <strong><a href=\"https:\/\/www.lerobert.com\/\">Le Robert <\/a><\/strong>; ainsi que <strong>deux dictionnaires des synonymes <\/strong>tr\u00e8s bien faits : <strong><a href=\"http:\/\/www.synonymo.fr\/\">synonymo.fr<\/a><\/strong> et <strong><a href=\"https:\/\/www.synonymes.com\/\">synonymes.com<\/a><\/strong>.<\/p>\n\n\n\n<p>Voici maintenant une <strong>petite s\u00e9lection<\/strong> de <strong>mots de vocabulaire<\/strong> et de <strong>tournures lexicales <\/strong>bien <strong>utiles<\/strong> pour&#8230; <em>relever un peu le niveau<\/em> ! <\/p>\n\n\n\n<h3 class=\"wp-block-heading\">Les adjectifs : position soutenue<\/h3>\n\n\n\n<p>La <strong>place des adjectifs<\/strong> en fran\u00e7ais est en g\u00e9n\u00e9ral <strong>derri\u00e8re le nom<\/strong>. Pourtant, <strong>certains adjectifs<\/strong> peuvent <strong>changer de place<\/strong> et se retrouver <strong>devant le nom<\/strong>. <br>Cette <strong>nouvelle position<\/strong> ne modifiera en rien <strong>le sens de la phrase<\/strong>, mais seulement <strong>son niveau<\/strong>. D&rsquo;un <strong>registre courant<\/strong>, on passera alors \u00e0 un <strong>registre soutenu <\/strong>:<\/p>\n\n\n\n<figure class=\"wp-block-table\"><table class=\"has-fixed-layout\"><thead><tr><th>Place \u00ab\u00a0normale\u00a0\u00bb de l&rsquo;adjectif<br>Registre courant<\/th><th>Place \u00ab\u00a0sp\u00e9ciale\u00a0\u00bb de l&rsquo;adjectif<br>Registre soutenu<\/th><\/tr><\/thead><tbody><tr><td><em>Ils ont pass\u00e9 une soir\u00e9e <strong>agr\u00e9able<\/strong><\/em><\/td><td><em>Ils ont pass\u00e9 une <em><strong>agr\u00e9able<\/strong><\/em><\/em> <em>soir\u00e9e <\/em><\/td><\/tr><tr><td><em>Elle a v\u00e9cu des aventures <strong>fantastiques<\/strong><\/em><\/td><td><em>Elle a v\u00e9cu <em>*<\/em>de <em><strong><em><strong>fantastiques<\/strong><\/em><\/strong><\/em><\/em> <em>aventures <\/em><\/td><\/tr><tr><td><em>C&rsquo;\u00e9tait une jeune fille <strong>\u00e9l\u00e9gante<\/strong><\/em><\/td><td><em>C&rsquo;\u00e9tait une <em><strong>\u00e9l\u00e9gante<\/strong><\/em><\/em> <em>jeune fille <\/em><\/td><\/tr><tr><td><em>Je trouve que c&rsquo;est une attitude <strong>d\u00e9testable<\/strong><\/em><\/td><td><em>Je trouve que c&rsquo;est une <em><strong>d\u00e9testable<\/strong><\/em><\/em> <em>attitude <\/em><\/td><\/tr><tr><td><em>Il faisait des<strong> <\/strong><em>cauchemars<\/em><\/em> <em><strong>effrayants<\/strong><\/em><\/td><td><em><em>Il faisait <\/em>*d&rsquo;<strong>effrayants<\/strong> cauchemars<\/em><\/td><\/tr><\/tbody><\/table><figcaption class=\"wp-element-caption\"><em>*<\/em> Quand l&rsquo;article <strong>DES <\/strong>se trouve plac\u00e9 <strong>devant <\/strong>un adjectif, il se transforme en <strong>DE<\/strong> ou <strong>D&rsquo;<\/strong><\/figcaption><\/figure>\n\n\n\n<p><\/p>\n\n\n\n<h3 class=\"wp-block-heading\">Passer du <em>ON<\/em> au <em>NOUS<\/em><\/h3>\n\n\n\n<p><strong>En fran\u00e7ais soutenu, <\/strong>tu devras syst\u00e9matiquement utiliser le pronom sujet <strong><em><strong>NOUS<\/strong><\/em><\/strong> alors qu&rsquo;il ne sera <strong>JAMAIS<\/strong> employ\u00e9 en <strong>fran\u00e7ais standard<\/strong> ou <strong>familier<\/strong>,<strong> pour parler<\/strong> tout du moins (il reste <strong>acceptable \u00e0 l&rsquo;\u00e9crit<\/strong>, en fran\u00e7ais courant). <strong><em><strong>NOUS<\/strong><\/em><\/strong> sera alors remplac\u00e9 par <strong><em>ON.<\/em><\/strong><\/p>\n\n\n\n<p><strong>Observe ces 2 paragraphes<\/strong>.<strong> Le premier <\/strong>est r\u00e9dig\u00e9 <strong>en fran\u00e7ais courant<\/strong>, <strong>le deuxi\u00e8me en fran\u00e7ais soutenu.<\/strong><\/p>\n\n\n\n<div class=\"wp-block-columns is-layout-flex wp-container-core-columns-is-layout-9d6595d7 wp-block-columns-is-layout-flex\">\n<div class=\"wp-block-column is-layout-flow wp-block-column-is-layout-flow\">\n<p><em>\u2192<\/em> <em>Ma s\u0153ur<\/em> <em>et moi, <strong>on est all\u00e9es<\/strong> \u00e0 Malte l&rsquo;an dernier. <strong>On a lou\u00e9 <\/strong>une voiture pendant quelques jours et <strong>on a visit\u00e9 <\/strong>la grande \u00eele. <\/em><br><em><strong>On s&rsquo;est bien amus\u00e9e<\/strong><\/em><\/p>\n<\/div>\n\n\n\n<div class=\"wp-block-column is-layout-flow wp-block-column-is-layout-flow\">\n<figure class=\"wp-block-audio\"><audio controls src=\"http:\/\/www.chez-prisc-chris.com\/blog\/wp-content\/uploads\/2022\/10\/on.mp3\"><\/audio><\/figure>\n<\/div>\n<\/div>\n\n\n\n<div class=\"wp-block-columns is-layout-flex wp-container-core-columns-is-layout-9d6595d7 wp-block-columns-is-layout-flex\">\n<div class=\"wp-block-column is-layout-flow wp-block-column-is-layout-flow\">\n<p><em>\u2192<\/em> <em>Ma <em>s\u0153ur<\/em> et moi<strong> sommes all\u00e9es<\/strong> \u00e0 Malte l&rsquo;an dernier. <strong>Nous avons lou\u00e9<\/strong> une voiture pendant quelques jours et <strong>nous avons visit\u00e9<\/strong> la grande \u00eele. <\/em><em><strong>Nous nous sommes bien amus\u00e9es.<\/strong><\/em><\/p>\n<\/div>\n\n\n\n<div class=\"wp-block-column is-layout-flow wp-block-column-is-layout-flow\">\n<figure class=\"wp-block-audio\"><audio controls src=\"http:\/\/www.chez-prisc-chris.com\/blog\/wp-content\/uploads\/2022\/10\/nous.mp3\"><\/audio><\/figure>\n<\/div>\n<\/div>\n\n\n\n<p>\ud83d\udccc\ud83d\udccc\ud83d\udccc <strong>REMARQUE<\/strong><br>Il est <strong>possible<\/strong> d&rsquo;utiliser le mot <strong><em>ON<\/em><\/strong> dans une <strong>phrase soutenue.<\/strong> Avec 2 mots, <strong><em>si<\/em><\/strong> et <strong><em>que<\/em><\/strong>, on rajoutera alors un <strong><em>L<\/em><\/strong> <em><strong>apostrophe<\/strong><\/em> devant <em><strong><strong><em>ON<\/em><\/strong><\/strong><\/em> dans une langue soign\u00e9e :<\/p>\n\n\n\n<div class=\"wp-block-columns is-layout-flex wp-container-core-columns-is-layout-9d6595d7 wp-block-columns-is-layout-flex\">\n<div class=\"wp-block-column is-layout-flow wp-block-column-is-layout-flow\">\n<p><em>\u2192<\/em> <em>Je me demande <strong>si l&rsquo;on <\/strong>conna\u00eet vraiment ses parents<\/em><br><em>\u2192<\/em> <em>Ils ne savaient pas <strong>que l&rsquo;on<\/strong> d\u00eenait si tard, en France.<\/em><\/p>\n<\/div>\n\n\n\n<div class=\"wp-block-column is-layout-flow wp-block-column-is-layout-flow\">\n<figure class=\"wp-block-audio\"><audio controls src=\"http:\/\/www.chez-prisc-chris.com\/blog\/wp-content\/uploads\/2022\/10\/silon.mp3\"><\/audio><\/figure>\n<\/div>\n<\/div>\n\n\n\n<h2 class=\"wp-block-heading\">Miscellan\u00e9es lexicales : 9 mots et tournures soutenus<\/h2>\n\n\n\n<p>1- Employer <strong>NE&#8230; GU\u00c8RE<\/strong> plut\u00f4t que <strong>NE&#8230; PAS SOUVENT, NE&#8230; PAS BEAUCOUP<\/strong><\/p>\n\n\n\n<figure class=\"wp-block-audio\"><audio controls src=\"http:\/\/www.chez-prisc-chris.com\/blog\/wp-content\/uploads\/2022\/10\/guere-1.mp3\"><\/audio><\/figure>\n\n\n\n<p><em>\u2192 Ils <strong>ne<\/strong> font <strong>gu\u00e8re<\/strong> de sport.<br>\u2192 Elles <strong>n&rsquo;<\/strong>ont <strong>gu\u00e8re<\/strong> eu de chance dans leur vie.<\/em><\/p>\n\n\n\n<p>2- Employer <strong>SOIT&#8230; SOIT<\/strong> plut\u00f4t que <strong>OU&#8230; OU<\/strong><\/p>\n\n\n\n<figure class=\"wp-block-audio\"><audio controls src=\"http:\/\/www.chez-prisc-chris.com\/blog\/wp-content\/uploads\/2022\/10\/soit.mp3\"><\/audio><\/figure>\n\n\n\n<p><em>\u2192 Il ne faut pas le laisser sans nouvelles : <strong>soit <\/strong>vous lui \u00e9crivez, <strong>soit <\/strong>vous lui t\u00e9l\u00e9phonez.<br>\u2192 Quand vous sortez au bout du chemin, vous pouvez prendre <strong>soit \u00e0 droite, soit <\/strong>\u00e0 gauche.<\/em><\/p>\n\n\n\n<p>3- Employer <strong>VOIRE<\/strong> plut\u00f4t que <strong>ET M\u00caME<\/strong><\/p>\n\n\n\n<figure class=\"wp-block-audio\"><audio controls src=\"http:\/\/www.chez-prisc-chris.com\/blog\/wp-content\/uploads\/2022\/10\/voire.mp3\"><\/audio><\/figure>\n\n\n\n<div class=\"wp-block-columns is-layout-flex wp-container-core-columns-is-layout-9d6595d7 wp-block-columns-is-layout-flex\">\n<div class=\"wp-block-column is-layout-flow wp-block-column-is-layout-flow\">\n<p><em>\u2192 Je le trouvais parfois trop critique, <strong>voire<\/strong> m\u00e9chant.<br>\u2192 Nous y resterons quelques semaines, <strong>voire<\/strong> un mois si n\u00e9cessaire.<\/em><\/p>\n<\/div>\n<\/div>\n\n\n\n<p>4- Employer <strong>EN REVANCHE <\/strong>plut\u00f4t que <strong>PAR CONTRE<\/strong><\/p>\n\n\n\n<figure class=\"wp-block-audio\"><audio controls src=\"http:\/\/www.chez-prisc-chris.com\/blog\/wp-content\/uploads\/2022\/10\/enrevanche.mp3\"><\/audio><\/figure>\n\n\n\n<p><em>\u2192 Anita est toujours au ch\u00f4mage. Son mari, <strong>en revanche<\/strong>, a retrouv\u00e9 un emploi.<br>\u2192 Je n&rsquo;\u00e9tais jamais dou\u00e9e en maths. <strong>En revanche<\/strong>, j&rsquo;excellais dans les langues.<\/em><\/p>\n\n\n\n<p>5- Employer <strong>DES ANN\u00c9ES DURANT<\/strong> (des heures, des jours, des mois&#8230; durant) plut\u00f4t que <strong>PENDANT DES ANN\u00c9ES<\/strong> (pendant des heures, pendant des jours, pendant des mois&#8230;)<\/p>\n\n\n\n<figure class=\"wp-block-audio\"><audio controls src=\"http:\/\/www.chez-prisc-chris.com\/blog\/wp-content\/uploads\/2022\/10\/durant.mp3\"><\/audio><\/figure>\n\n\n\n<p><em>\u2192 Il a jou\u00e9 au tennis <strong>des ann\u00e9es durant<\/strong><br>\u2192 Cet hiver, il a plu <strong>des jours durant.<\/strong><\/em><\/p>\n\n\n\n<p>6- Employer <strong>DE SURCRO\u00ceT <\/strong>plut\u00f4t que <strong>EN PLUS<\/strong><\/p>\n\n\n\n<figure class=\"wp-block-audio\"><audio controls src=\"http:\/\/www.chez-prisc-chris.com\/blog\/wp-content\/uploads\/2022\/10\/desurcroit.mp3\"><\/audio><\/figure>\n\n\n\n<p><em>\u2192 Un s\u00e9jour en France te permettra <strong>de surcro\u00eet<\/strong> de te familiariser avec la langue telle qu&rsquo;elle est vraiment parl\u00e9e.<br>\u2192 Cet appartement est lumineux. <strong>De surcro\u00eet,<\/strong> il jouit d&rsquo;une vue sur la mer qui est exceptionnelle.<\/em><\/p>\n\n\n\n<p>7- Employer <strong>QUANT \u00c0<\/strong> plut\u00f4t que <strong>EN CE QUI CONCERNE<\/strong><\/p>\n\n\n\n<figure class=\"wp-block-audio\"><audio controls src=\"http:\/\/www.chez-prisc-chris.com\/blog\/wp-content\/uploads\/2022\/10\/quant-a\u0300-1.mp3\"><\/audio><\/figure>\n\n\n\n<p><em>\u2192 Elle, \u00e7a ne la d\u00e9range pas. <strong>Quant \u00e0 moi,<\/strong> je trouve que cette situation est carr\u00e9ment inacceptable.<br>\u2192 Le cin\u00e9ma fran\u00e7ais traverse une grave crise. <strong>Quant au th\u00e9\u00e2tre,<\/strong> je dirais qu&rsquo;il se porte plut\u00f4t bien&#8230;<\/em><\/p>\n\n\n\n<p>8- Employer <strong>OR<\/strong> plut\u00f4t que <strong>ET POURTANT<\/strong><\/p>\n\n\n\n<figure class=\"wp-block-audio\"><audio controls src=\"http:\/\/www.chez-prisc-chris.com\/blog\/wp-content\/uploads\/2022\/10\/or.mp3\"><\/audio><\/figure>\n\n\n\n<p><em>\u2192 Il lui avait promis d&rsquo;\u00eatre ponctuel. <strong>Or<\/strong>, elle l&rsquo;attendait d\u00e9j\u00e0 depuis plus d&rsquo;une heure<br>\u2192 Tous les hommes sont mortels<strong>. Or<\/strong> Socrate est un homme. Donc <em>Socrate <\/em>est mortel.<\/em><\/p>\n\n\n\n<p>9- Employer <strong>CAR<\/strong> plut\u00f4t que <strong>PARCE QUE<\/strong><\/p>\n\n\n\n<figure class=\"wp-block-audio\"><audio controls src=\"http:\/\/www.chez-prisc-chris.com\/blog\/wp-content\/uploads\/2022\/10\/car.mp3\"><\/audio><\/figure>\n\n\n\n<p><em>\u2192 Ils ont pr\u00e9f\u00e9r\u00e9 voyager en train, <strong>car <\/strong>il y avait une gr\u00e8ve des aiguilleurs du ciel.<br>\u2192 Elle se faisait du souci,<strong> car <\/strong>sa fille n&rsquo;\u00e9tait pas rentr\u00e9e de la nuit.<\/em><\/p>\n\n\n\n<h2 class=\"wp-block-heading\">Conclusion<\/h2>\n\n\n\n<p>Comme tu es \u00e9tranger, les Fran\u00e7ais ne s&rsquo;attendront pas \u00e0 ce que tu ma\u00eetrises les finesses des registres de langue. Que tu parles leur langue sera d\u00e9j\u00e0 en soi remarquable \u00e0 leurs yeux. Si tu fais un faux-pas, si par exemple sort de ta bouche un terme tr\u00e8s familier, ils seront sans doute amus\u00e9s et te complimenteront pour ta ma\u00eetrise du fran\u00e7ais.<\/p>\n\n\n\n<p>Mais \u00e0 mesure que tu progresseras, il te faudra veiller \u00e0 respecter en fran\u00e7ais les codes de langage et de communication en vigueur, au m\u00eame titre que ce que tu ferais spontan\u00e9ment dans ta langue maternelle.<\/p>\n\n\n\n<p>Ma\u00eetriser les registres de langue en fran\u00e7ais est un but pour tout \u00e9tudiant qui voudrait acc\u00e9der \u00e0 un niveau linguistique avanc\u00e9. Que ce soit le fran\u00e7ais soutenu, courant ou familier, tous trois participent de la ma\u00eetrise de la langue et quand tu te sera familiaris\u00e9 avec leurs sp\u00e9cificit\u00e9s, tu pourras faire preuve d&rsquo;aisance et employer la langue fran\u00e7aise dans toutes ses finesses.<\/p>\n\n\n\n<p><\/p>\n\n\n\n<a href=\"https:\/\/www.buymeacoffee.com\/learnfrenchfun\" target=\"_blank\" title=\"Offre-moi un caf\u00e9 :)\" rel=\"noopener\"><img decoding=\"async\" src=\"https:\/\/www.chez-prisc-chris.com\/habillage-blog\/bmc-fr.png\" alt=\"Offre-moi un caf\u00e9 sur BuyMeACoffee\" style=\"margin: 0 auto\"><\/a>\n","protected":false},"excerpt":{"rendered":"<p>Ma\u00eetriser les registres de langue quand on parle fran\u00e7ais, c&rsquo;est essentiel \u00e0 partir d&rsquo;un certain niveau de connaissance. Quand on veut s&rsquo;exprimer dans un fran\u00e7ais soutenu, il faut recourir \u00e0 un lexique sp\u00e9cifique. Dans cet article, tu d\u00e9couvriras tous les secrets du vocabulaire soign\u00e9, sophistiqu\u00e9, formel, soutenu&#8230; Un petit pas pour l&rsquo;Humanit\u00e9, mais un grand pas pour ton fran\u00e7ais ! <\/p>\n","protected":false},"author":2,"featured_media":1885,"comment_status":"open","ping_status":"open","sticky":false,"template":"","format":"standard","meta":{"_uag_custom_page_level_css":"","_kad_post_transparent":"","_kad_post_title":"","_kad_post_layout":"","_kad_post_sidebar_id":"","_kad_post_content_style":"","_kad_post_vertical_padding":"","_kad_post_feature":"","_kad_post_feature_position":"","_kad_post_header":false,"_kad_post_footer":false,"footnotes":""},"categories":[7],"tags":[],"class_list":["post-1866","post","type-post","status-publish","format-standard","has-post-thumbnail","hentry","category-vocabulaire-francais"],"uagb_featured_image_src":{"full":["http:\/\/www.chez-prisc-chris.com\/blog\/wp-content\/uploads\/2022\/10\/females-g6f2e1a060_1280.jpg",1280,848,false],"thumbnail":["http:\/\/www.chez-prisc-chris.com\/blog\/wp-content\/uploads\/2022\/10\/females-g6f2e1a060_1280-150x150.jpg",150,150,true],"medium":["http:\/\/www.chez-prisc-chris.com\/blog\/wp-content\/uploads\/2022\/10\/females-g6f2e1a060_1280-300x199.jpg",300,199,true],"medium_large":["http:\/\/www.chez-prisc-chris.com\/blog\/wp-content\/uploads\/2022\/10\/females-g6f2e1a060_1280-768x509.jpg",768,509,true],"large":["http:\/\/www.chez-prisc-chris.com\/blog\/wp-content\/uploads\/2022\/10\/females-g6f2e1a060_1280-1024x678.jpg",1024,678,true],"hd_qu_size2":["http:\/\/www.chez-prisc-chris.com\/blog\/wp-content\/uploads\/2022\/10\/females-g6f2e1a060_1280.jpg",400,265,false],"1536x1536":["http:\/\/www.chez-prisc-chris.com\/blog\/wp-content\/uploads\/2022\/10\/females-g6f2e1a060_1280.jpg",1280,848,false],"2048x2048":["http:\/\/www.chez-prisc-chris.com\/blog\/wp-content\/uploads\/2022\/10\/females-g6f2e1a060_1280.jpg",1280,848,false]},"uagb_author_info":{"display_name":"Priscilla","author_link":"http:\/\/www.chez-prisc-chris.com\/blog\/author\/prisc\/"},"uagb_comment_info":20,"uagb_excerpt":"Ma\u00eetriser les registres de langue quand on parle fran\u00e7ais, c'est essentiel \u00e0 partir d'un certain niveau de connaissance. Quand on veut s'exprimer dans un fran\u00e7ais soutenu, il faut recourir \u00e0 un lexique sp\u00e9cifique. Dans cet article, tu d\u00e9couvriras tous les secrets du vocabulaire soign\u00e9, sophistiqu\u00e9, formel, soutenu... Un petit pas pour l'Humanit\u00e9, mais un grand\u2026","_links":{"self":[{"href":"http:\/\/www.chez-prisc-chris.com\/blog\/wp-json\/wp\/v2\/posts\/1866","targetHints":{"allow":["GET"]}}],"collection":[{"href":"http:\/\/www.chez-prisc-chris.com\/blog\/wp-json\/wp\/v2\/posts"}],"about":[{"href":"http:\/\/www.chez-prisc-chris.com\/blog\/wp-json\/wp\/v2\/types\/post"}],"author":[{"embeddable":true,"href":"http:\/\/www.chez-prisc-chris.com\/blog\/wp-json\/wp\/v2\/users\/2"}],"replies":[{"embeddable":true,"href":"http:\/\/www.chez-prisc-chris.com\/blog\/wp-json\/wp\/v2\/comments?post=1866"}],"version-history":[{"count":7,"href":"http:\/\/www.chez-prisc-chris.com\/blog\/wp-json\/wp\/v2\/posts\/1866\/revisions"}],"predecessor-version":[{"id":2396,"href":"http:\/\/www.chez-prisc-chris.com\/blog\/wp-json\/wp\/v2\/posts\/1866\/revisions\/2396"}],"wp:featuredmedia":[{"embeddable":true,"href":"http:\/\/www.chez-prisc-chris.com\/blog\/wp-json\/wp\/v2\/media\/1885"}],"wp:attachment":[{"href":"http:\/\/www.chez-prisc-chris.com\/blog\/wp-json\/wp\/v2\/media?parent=1866"}],"wp:term":[{"taxonomy":"category","embeddable":true,"href":"http:\/\/www.chez-prisc-chris.com\/blog\/wp-json\/wp\/v2\/categories?post=1866"},{"taxonomy":"post_tag","embeddable":true,"href":"http:\/\/www.chez-prisc-chris.com\/blog\/wp-json\/wp\/v2\/tags?post=1866"}],"curies":[{"name":"wp","href":"https:\/\/api.w.org\/{rel}","templated":true}]}}