{"id":1432,"date":"2022-09-04T15:56:52","date_gmt":"2022-09-04T13:56:52","guid":{"rendered":"http:\/\/www.chez-prisc-chris.com\/blog\/?p=1432"},"modified":"2022-09-07T15:28:57","modified_gmt":"2022-09-07T13:28:57","slug":"le-style-indirect-la-concordance-des-temps-en-francais","status":"publish","type":"post","link":"http:\/\/www.chez-prisc-chris.com\/blog\/le-style-indirect-la-concordance-des-temps-en-francais\/","title":{"rendered":"Le style indirect &amp; la concordance des temps en fran\u00e7ais"},"content":{"rendered":"\n<p>Dans un article pr\u00e9c\u00e9dent <em><strong>[Le Style direct &amp; indirect en fran\u00e7ais]<\/strong><\/em>, je t&rsquo;ai expliqu\u00e9 <strong>comment rapporter les paroles <\/strong>de quelqu&rsquo;un, comment <strong>passer du style direct au style indirect. <\/strong><br>Nous avons vu qu&rsquo;il y avait un <strong>certain nombre de r\u00e8gles \u00e0 respecter<\/strong>, mais que ce n&rsquo;\u00e9tait pas tr\u00e8s difficile. \ud83d\udc4d\ud83d\udc4d\ud83d\udc4d<\/p>\n\n\n\n<p>Le <strong>grand d\u00e9fi<\/strong> pour <strong>les \u00e9tudiants de fran\u00e7ais<\/strong>, ce sera de faire la <strong>concordance des temps<\/strong>. <br>Pour cela, il te faudra <strong>conna\u00eetre les formes verbales<\/strong> sur le bout des doigts ! <\/p>\n\n\n\n<p>Pour t&rsquo;y aider, je te conseille de <strong>travailler avec la formation sur les 50 verb<\/strong>es les plus utilis\u00e9s du fran\u00e7ais, que <strong>Christian a pr\u00e9par\u00e9e <\/strong>pour toi !<\/p>\n\n\n\n<iframe src=\"https:\/\/learn-french-fun.com\/50verbes\/encart-les-50-verbes-plus-utilises-par-francais.php\" style=\"width:100%; height: 700px; border: none;\"><\/iframe>\n\n\n\n<h2 class=\"wp-block-heading\">La concordance des temps, qu&rsquo;est-ce que c&rsquo;est ?<\/h2>\n\n\n\n<p>La <strong>concordance des temps<\/strong>, c&rsquo;est le <strong>changement obligatoire des temps des verbes<\/strong> qui peut se passer entre <strong>le style direct <\/strong>et <strong>le style indirect <\/strong>:<\/p>\n\n\n\n<p><strong>La bonne nouvelle<\/strong>, c&rsquo;est qu&rsquo;au <strong>style indirect<\/strong>, le probl\u00e8me de <strong>concordance des temps <\/strong>se pose <strong>seulement <\/strong>si le <strong>verbe d&rsquo;introduction<\/strong> est <strong>AU PASS\u00c9<\/strong> :<\/p>\n\n\n\n<ul class=\"wp-block-list\"><li><em>\u00ab Ils <strong>sont partis<\/strong> \u00bb<\/em>, <strong><em>m&rsquo;informe<\/em> <\/strong>Christian <em>\u2192<\/em> <em>Christian<\/em> <strong><em>m&rsquo;informe<\/em><\/strong><em> qu<\/em>&lsquo;<em>ils <strong>sont partis<\/strong><\/em>.<br>Le verbe &lsquo;<strong><em>m&rsquo;informe<\/em><\/strong>&lsquo; est <strong>au pr\u00e9sent<\/strong>, donc tu <strong>ne changes pas<\/strong> le <strong>temps du message<\/strong> quand tu <strong>transformes la phrase<\/strong> au <strong>style indirect.<\/strong><br><\/li><li><em>\u00ab Ils <strong>sont partis<\/strong> \u00bb<\/em>, <strong><em>m&rsquo;a inform\u00e9<\/em> <\/strong>Christian <em>\u2192<\/em> <em>Christian<\/em> <strong><em>m&rsquo;a inform<\/em><\/strong><em><strong>\u00e9<\/strong> qu<\/em>&lsquo;<em>ils <strong>\u00e9taient partis<\/strong><\/em>.<br>Le verbe &lsquo;<strong><em><strong><em>m&rsquo;a inform<\/em><\/strong><em><strong>\u00e9<\/strong>&lsquo; <\/em><\/em><\/strong>est <strong>au pass\u00e9 compos\u00e9<\/strong>, donc tu <strong>DOIS changer <\/strong>le <strong>temps du message<\/strong> quand tu <strong>transformes la phrase<\/strong> au <strong>style indirect<\/strong> : <em>\u00ab Ils <strong>sont partis<\/strong> \u00bb<\/em> <em>\u2192<\/em> &#8230; <em>qu<\/em>&lsquo;<em>ils <strong>\u00e9taient partis<\/strong><\/em>. <\/li><\/ul>\n\n\n<div class=\"wp-block-image\">\n<figure class=\"aligncenter size-large is-resized\"><img loading=\"lazy\" decoding=\"async\" src=\"http:\/\/www.chez-prisc-chris.com\/blog\/wp-content\/uploads\/2022\/09\/feedback-gb518b8d07_1280-1024x790.png\" alt=\"Le style indirect en fran\u00e7ais n'est pas une mince affaire : il y a beaucoup de r\u00e8gles \u00e0 ma\u00eetriser. Mais le jeu en vaut la chandelle car il s'agit l\u00e0 d'un point de langue tr\u00e8s utilis\u00e9 en fran\u00e7ais, \u00e0 l'oral, comme \u00e0 l'\u00e9crit, dans un niveau soutenu ou familier.\" class=\"wp-image-1441\" width=\"403\" height=\"311\" srcset=\"http:\/\/www.chez-prisc-chris.com\/blog\/wp-content\/uploads\/2022\/09\/feedback-gb518b8d07_1280-1024x790.png 1024w, http:\/\/www.chez-prisc-chris.com\/blog\/wp-content\/uploads\/2022\/09\/feedback-gb518b8d07_1280-300x231.png 300w, http:\/\/www.chez-prisc-chris.com\/blog\/wp-content\/uploads\/2022\/09\/feedback-gb518b8d07_1280-768x592.png 768w, http:\/\/www.chez-prisc-chris.com\/blog\/wp-content\/uploads\/2022\/09\/feedback-gb518b8d07_1280.png 1280w\" sizes=\"auto, (max-width: 403px) 100vw, 403px\" \/><\/figure>\n<\/div>\n\n\n<h2 class=\"wp-block-heading\">Mettre le verbe d&rsquo;introducteur au pass\u00e9<\/h2>\n\n\n\n<p>Tu peux utiliser <strong>diff\u00e9rentes formes verbales<\/strong>, <strong>diff\u00e9rents temps <\/strong>pour conjuguer le verbe introducteur :<\/p>\n\n\n\n<ul class=\"wp-block-list\"><li>Le plus fr\u00e9quent : <strong>le pass\u00e9 compos\u00e9<\/strong> <em>\u2192<\/em> <em>\u00ab Tu fais quoi aujourd&rsquo;hui ? \u00bb<\/em>, lui <strong><em>a<\/em><\/strong>-t-elle <strong><em>demand\u00e9.<\/em><\/strong><\/li><li><strong>l&rsquo;imparfait<\/strong> <em>\u2192<\/em> Elle lui <strong><em>disait<\/em><\/strong> toujours : <em>\u00ab Ne rentre pas trop tard ! \u00bb<\/em>.<\/li><li><strong>le plus-que-parfait <\/strong><em>\u2192<\/em> Elle lui <strong><em>avait<\/em><\/strong> <strong><em>demand\u00e9<\/em><\/strong> : <em>\u00ab Qu&rsquo;est-ce que tu comptes faire ? \u00bb<\/em><\/li><\/ul>\n\n\n\n<h2 class=\"wp-block-heading\">Si le verbe d&rsquo;introducteur est au pass\u00e9&#8230;<\/h2>\n\n\n\n<p><em>\u2192<\/em> 1- <strong>le verbe du message <\/strong>au PR\u00c9SENT se met \u00e0 L&rsquo;IMPARFAIT.<br><em>\u2192<\/em> 2 &#8211; <strong>le verbe du message <\/strong>au PASS\u00c9 COMPOS\u00c9 se met au PLUS-QUE-PARFAIT.<br><em><em>\u2192<\/em> 3 &#8211; <strong>le verbe du message <\/strong><\/em>\u00e0 l&rsquo;IMPARFAIT reste \u00e0 l&rsquo;IMPARFAIT <br><em><em>\u2192<\/em> 4 &#8211; <strong>le verbe du message<\/strong><\/em> au PLUS-QUE-PARFAIT reste au PLUS-QUE-PARFAIT.<br><em><em>\u2192<\/em> 5 &#8211; <strong>le verbe du message <\/strong><\/em>au FUTUR SIMPLE se met au CONDITIONNEL PR\u00c9SENT.<br><em>\u2192<\/em> 6 &#8211; <strong>le verbe du message <\/strong>au FUTUR ANT\u00c9RIEUR se met au CONDITIONNEL PASS\u00c9.<br><em>\u2192<\/em> 7 &#8211; <strong>le verbe du message <\/strong>au SUBJONCTIF reste au SUBJONCTIF.<br><em>\u2192<\/em> 8 &#8211; <strong>le verbe du message <\/strong>au CONDITIONNEL reste au CONDITIONNEL.<\/p>\n\n\n<div class=\"wp-block-image\">\n<figure class=\"aligncenter size-large is-resized\"><img loading=\"lazy\" decoding=\"async\" src=\"http:\/\/www.chez-prisc-chris.com\/blog\/wp-content\/uploads\/2022\/09\/time-g73bbd4418_1280-1024x682.jpg\" alt=\"\" class=\"wp-image-1440\" width=\"387\" height=\"257\" srcset=\"http:\/\/www.chez-prisc-chris.com\/blog\/wp-content\/uploads\/2022\/09\/time-g73bbd4418_1280-1024x682.jpg 1024w, http:\/\/www.chez-prisc-chris.com\/blog\/wp-content\/uploads\/2022\/09\/time-g73bbd4418_1280-300x200.jpg 300w, http:\/\/www.chez-prisc-chris.com\/blog\/wp-content\/uploads\/2022\/09\/time-g73bbd4418_1280-768x512.jpg 768w, http:\/\/www.chez-prisc-chris.com\/blog\/wp-content\/uploads\/2022\/09\/time-g73bbd4418_1280.jpg 1280w\" sizes=\"auto, (max-width: 387px) 100vw, 387px\" \/><\/figure>\n<\/div>\n\n\n<h2 class=\"wp-block-heading\">La modification des adverbes de temps<\/h2>\n\n\n\n<p>Selon le contexte, il peut y avoir une <strong>modification des adverbes de temps <\/strong>quand <strong>la phrase<\/strong> au <strong>style indirect<\/strong> a un <strong>verbe introducteur au pass\u00e9 <\/strong>: <\/p>\n\n\n\n<ul class=\"wp-block-list\"><li><em>\u00ab Ils sont partis <strong>hier <\/strong>\u00bb<\/em>, <strong><em>m&rsquo;informe<\/em> <\/strong>Christian <em>\u2192<\/em> <em>Christian<\/em> <strong><em>m&rsquo;informe<\/em><\/strong><em> qu<\/em>&lsquo;<em>ils sont partis<\/em> <strong>hier<\/strong>.<\/li><\/ul>\n\n\n\n<p>Dans cette phrase,<strong> l&rsquo;adverbe de temps ne change pas<\/strong> : le <strong>verbe d&rsquo;introduction<\/strong> est au PR\u00c9SENT&#8230; Pas de probl\u00e8me \ud83d\udc4d<br><\/p>\n\n\n\n<ul class=\"wp-block-list\"><li><em>\u00ab Ils <em>sont partis<\/em><strong><em> <strong>hier <\/strong><\/em><\/strong>\u00bb<\/em>, <strong><em>m&rsquo;a inform\u00e9<\/em> <\/strong>Christian <em>\u2192<\/em> <em>Christian<\/em> <strong><em>m&rsquo;a inform<\/em><\/strong><em><strong>\u00e9<\/strong> qu<\/em>&lsquo;<em>ils<\/em><strong><em> \u00e9taient partis<\/em> <em>hier<\/em><\/strong> OU <strong><em>la veille<\/em><\/strong>.<\/li><\/ul>\n\n\n\n<p>Dans cette phrase,<strong> l&rsquo;adverbe de temps peut changer pas<\/strong> parce que le <strong>verbe d&rsquo;introduction<\/strong> est au PASS\u00c9&#8230;<\/p>\n\n\n\n<h3 class=\"wp-block-heading\">Quel adverbe utiliser : <strong><em>H<\/em><\/strong><em>IER<\/em> ou <strong><em>LA VEILLE<\/em><\/strong> ?<\/h3>\n\n\n\n<p><strong>\u00c7a d\u00e9pend <\/strong>: si <strong>la situation<\/strong> se passe dans <strong>un contexte actuel<\/strong>, tu pourras utiliser <strong><em>hier<\/em><\/strong>. <br>Mais imagine que <strong>la situation <\/strong>se soit pass\u00e9e <strong>en 1968 par exemple,<\/strong> dans un contexte qui n&rsquo;est donc <strong>pas actuel<\/strong>, tu devras utiliser l&rsquo;adverbe de temps <em><strong>La veille.<\/strong><\/em> <\/p>\n\n\n\n<h2 class=\"wp-block-heading\">Tableau des adverbes de temps <\/h2>\n\n\n\n<p><strong>Style direct<br>Style indirect avec un contexte actuel<\/strong><em> \u2192 \u2192<\/em><strong>Style indirect avec un contexte<\/strong> <strong>pass\u00e9<\/strong><\/p>\n\n\n\n<figure class=\"wp-block-table\"><table><tbody><tr><td><strong>Il y a 3 semaines,<br><\/strong><\/td><td><strong>3 semaines avant,<br>3 semaines auparavant,<\/strong><\/td><\/tr><tr><td><strong>Hier,<\/strong><\/td><td><strong>La veille,<br>Le jour d&rsquo;avant,<br>Le jour pr\u00e9c\u00e9dent,<\/strong><\/td><\/tr><tr><td><strong>Aujourd&rsquo;hui,<\/strong><\/td><td><strong>Ce jour-l\u00e0,<\/strong><\/td><\/tr><tr><td><strong>Maintenant,<\/strong><br><strong>En ce moment, <\/strong><\/td><td><strong>\u00c0 ce moment-l\u00e0<\/strong>,<\/td><\/tr><tr><td><strong>Ce matin, <\/strong><\/td><td><strong>Ce matin-l\u00e0, <\/strong><\/td><\/tr><tr><td><strong>Ce week-end, <\/strong><\/td><td><strong>Ce week-end-l\u00e0, <\/strong><\/td><\/tr><tr><td><strong>Lundi, <\/strong><\/td><td><strong>Ce lundi-l\u00e0<\/strong>,<\/td><\/tr><tr><td><strong>Demain,<\/strong><\/td><td><strong>Le lendemain,<br>Le jour d&rsquo;apr\u00e8s,<br>Le jour suivant<\/strong>,<\/td><\/tr><tr><td><strong>Dans 3 semaines,<\/strong><\/td><td><strong>3 semaines apr\u00e8s,<br>3 semaines plus tard,<\/strong><\/td><\/tr><\/tbody><\/table><\/figure>\n\n\n\n<h2 class=\"wp-block-heading\">Apr\u00e8s la th\u00e9orie, la pratique <\/h2>\n\n\n\n<p>Franck m&rsquo;avait promis : <em>\u00ab On se verra <strong>la semaine prochaine<\/strong>. \u00bb<\/em> Et il avait ajout\u00e9 : <em>\u00ab <\/em>J&rsquo;ai r\u00e9serv\u00e9  mon billet d&rsquo;avion<em> <\/em><strong><em>hier<\/em> <\/strong><em>et je me r\u00e9jouis de passer du temps avec toi. \u00bb<\/em> Pour finir, il m&rsquo;avait  demand\u00e9 : <em>\u00ab Tu n&rsquo;as pas oubli\u00e9 de t\u00e9l\u00e9phoner \u00e0 ma m\u00e8re ? C&rsquo;\u00e9tait son anniversaire <strong>il y a trois jours&#8230;<\/strong> \u00bb<\/em><\/p>\n\n\n<div class=\"wp-block-image\">\n<figure class=\"aligncenter size-large is-resized\"><img loading=\"lazy\" decoding=\"async\" src=\"http:\/\/www.chez-prisc-chris.com\/blog\/wp-content\/uploads\/2022\/09\/phone-g829dc7194_1280-1024x682.jpg\" alt=\"\" class=\"wp-image-1439\" width=\"461\" height=\"307\" srcset=\"http:\/\/www.chez-prisc-chris.com\/blog\/wp-content\/uploads\/2022\/09\/phone-g829dc7194_1280-1024x682.jpg 1024w, http:\/\/www.chez-prisc-chris.com\/blog\/wp-content\/uploads\/2022\/09\/phone-g829dc7194_1280-300x200.jpg 300w, http:\/\/www.chez-prisc-chris.com\/blog\/wp-content\/uploads\/2022\/09\/phone-g829dc7194_1280-768x512.jpg 768w, http:\/\/www.chez-prisc-chris.com\/blog\/wp-content\/uploads\/2022\/09\/phone-g829dc7194_1280.jpg 1280w\" sizes=\"auto, (max-width: 461px) 100vw, 461px\" \/><\/figure>\n<\/div>\n\n\n<p>Franck m&rsquo;avait promis <em>qu&rsquo;on se verrait <strong>la semaine suivante<\/strong>. \u00bb <\/em>Et il avait ajout\u00e9 <em>qu&rsquo;il avait r\u00e9serv\u00e9 son billet d&rsquo;avion <strong>la veille <\/strong>et qu&rsquo;il se r\u00e9jouissait de passer du temps avec moi. <\/em>Pour finir, il m&rsquo;avait demand\u00e9 <em>si je n&rsquo;avais pas oubli\u00e9 de t\u00e9l\u00e9phoner \u00e0 sa m\u00e8re dont c&rsquo;\u00e9tait l&rsquo;anniversaire <strong>trois jours auparavant. <\/strong><\/em><\/p>\n\n\n\n<h2 class=\"wp-block-heading\">En conclusion<\/h2>\n\n\n\n<p><strong>Voili-voilou&#8230; <\/strong>Tu as d\u00e9sormais \u00e0 ta disposition <strong>toutes les informations<\/strong> pour pouvoir <strong>surfer entre le style direct et le style indirect<\/strong>, entre ce que te dit <strong>ton interlocuteur<\/strong> et <strong>la mani\u00e8re<\/strong> dont tu vas <strong>rapporter ces paroles<\/strong> \u00e0 une <strong>tierce personne<\/strong>. <\/p>\n\n\n<div class=\"wp-block-image\">\n<figure class=\"aligncenter size-large is-resized\"><img loading=\"lazy\" decoding=\"async\" src=\"http:\/\/www.chez-prisc-chris.com\/blog\/wp-content\/uploads\/2022\/09\/surfing-g1908849ab_1280-1024x590.jpg\" alt=\"\" class=\"wp-image-1438\" width=\"495\" height=\"284\" srcset=\"http:\/\/www.chez-prisc-chris.com\/blog\/wp-content\/uploads\/2022\/09\/surfing-g1908849ab_1280-1024x590.jpg 1024w, http:\/\/www.chez-prisc-chris.com\/blog\/wp-content\/uploads\/2022\/09\/surfing-g1908849ab_1280-300x173.jpg 300w, http:\/\/www.chez-prisc-chris.com\/blog\/wp-content\/uploads\/2022\/09\/surfing-g1908849ab_1280.jpg 1280w\" sizes=\"auto, (max-width: 495px) 100vw, 495px\" \/><\/figure>\n<\/div>\n\n\n<p>Ce n&rsquo;est <strong>pas tr\u00e8s facile<\/strong>, c&rsquo;est vrai&#8230; Il y a <strong>beaucoup de petits d\u00e9tails <\/strong>\u00e0 prendre en consid\u00e9ration. Alors<strong> prends le temps de bien comprendre les r\u00e8gles<\/strong>, <strong>observe<\/strong> attentivement les <strong>exemples <\/strong>que je t&rsquo;ai donn\u00e9s.<\/p>\n\n\n\n<p>Ensuite, il te faudra juste les mettre en pratique : le fran\u00e7ais, c&rsquo;est du sport : il faut pratiquer, il faut s&rsquo;entra\u00eener pour devenir <strong>Champion du monde<\/strong> !<\/p>\n\n\n\n<p><\/p>\n\n\n\n<a href=\"https:\/\/www.buymeacoffee.com\/learnfrenchfun\" target=\"_blank\" title=\"Offre-moi un caf\u00e9 :)\" rel=\"noopener\"><img decoding=\"async\" src=\"https:\/\/www.chez-prisc-chris.com\/habillage-blog\/bmc-fr.png\" alt=\"Offre-moi un caf\u00e9 sur BuyMeACoffee\" style=\"margin: 0 auto\"><\/a>\n","protected":false},"excerpt":{"rendered":"<p>Certaines le\u00e7ons de grammaire sont essentielles quand on apprend le fran\u00e7ais, car elles te permettent v\u00e9ritablement de t&rsquo;exprimer avec plus d&rsquo;aisance, \u00e0 l&rsquo;oral comme \u00e0 l&rsquo;\u00e9crit, dans un niveau de langue soutenu ou familier. Tel est le cas du style indirect et de la concordance des temps&#8230;  <\/p>\n","protected":false},"author":2,"featured_media":1443,"comment_status":"open","ping_status":"open","sticky":false,"template":"","format":"standard","meta":{"_uag_custom_page_level_css":"","_kad_post_transparent":"","_kad_post_title":"","_kad_post_layout":"","_kad_post_sidebar_id":"","_kad_post_content_style":"","_kad_post_vertical_padding":"","_kad_post_feature":"","_kad_post_feature_position":"","_kad_post_header":false,"_kad_post_footer":false,"footnotes":""},"categories":[5],"tags":[],"class_list":["post-1432","post","type-post","status-publish","format-standard","has-post-thumbnail","hentry","category-grammaire-francaise"],"uagb_featured_image_src":{"full":["http:\/\/www.chez-prisc-chris.com\/blog\/wp-content\/uploads\/2022\/09\/finger-g3feb4906a_1280.jpg",1280,654,false],"thumbnail":["http:\/\/www.chez-prisc-chris.com\/blog\/wp-content\/uploads\/2022\/09\/finger-g3feb4906a_1280-150x150.jpg",150,150,true],"medium":["http:\/\/www.chez-prisc-chris.com\/blog\/wp-content\/uploads\/2022\/09\/finger-g3feb4906a_1280-300x153.jpg",300,153,true],"medium_large":["http:\/\/www.chez-prisc-chris.com\/blog\/wp-content\/uploads\/2022\/09\/finger-g3feb4906a_1280-768x392.jpg",768,392,true],"large":["http:\/\/www.chez-prisc-chris.com\/blog\/wp-content\/uploads\/2022\/09\/finger-g3feb4906a_1280-1024x523.jpg",1024,523,true],"hd_qu_size2":["http:\/\/www.chez-prisc-chris.com\/blog\/wp-content\/uploads\/2022\/09\/finger-g3feb4906a_1280.jpg",400,204,false],"1536x1536":["http:\/\/www.chez-prisc-chris.com\/blog\/wp-content\/uploads\/2022\/09\/finger-g3feb4906a_1280.jpg",1280,654,false],"2048x2048":["http:\/\/www.chez-prisc-chris.com\/blog\/wp-content\/uploads\/2022\/09\/finger-g3feb4906a_1280.jpg",1280,654,false]},"uagb_author_info":{"display_name":"Priscilla","author_link":"http:\/\/www.chez-prisc-chris.com\/blog\/author\/prisc\/"},"uagb_comment_info":3,"uagb_excerpt":"Certaines le\u00e7ons de grammaire sont essentielles quand on apprend le fran\u00e7ais, car elles te permettent v\u00e9ritablement de t'exprimer avec plus d'aisance, \u00e0 l'oral comme \u00e0 l'\u00e9crit, dans un niveau de langue soutenu ou familier. Tel est le cas du style indirect et de la concordance des temps...","_links":{"self":[{"href":"http:\/\/www.chez-prisc-chris.com\/blog\/wp-json\/wp\/v2\/posts\/1432","targetHints":{"allow":["GET"]}}],"collection":[{"href":"http:\/\/www.chez-prisc-chris.com\/blog\/wp-json\/wp\/v2\/posts"}],"about":[{"href":"http:\/\/www.chez-prisc-chris.com\/blog\/wp-json\/wp\/v2\/types\/post"}],"author":[{"embeddable":true,"href":"http:\/\/www.chez-prisc-chris.com\/blog\/wp-json\/wp\/v2\/users\/2"}],"replies":[{"embeddable":true,"href":"http:\/\/www.chez-prisc-chris.com\/blog\/wp-json\/wp\/v2\/comments?post=1432"}],"version-history":[{"count":11,"href":"http:\/\/www.chez-prisc-chris.com\/blog\/wp-json\/wp\/v2\/posts\/1432\/revisions"}],"predecessor-version":[{"id":1484,"href":"http:\/\/www.chez-prisc-chris.com\/blog\/wp-json\/wp\/v2\/posts\/1432\/revisions\/1484"}],"wp:featuredmedia":[{"embeddable":true,"href":"http:\/\/www.chez-prisc-chris.com\/blog\/wp-json\/wp\/v2\/media\/1443"}],"wp:attachment":[{"href":"http:\/\/www.chez-prisc-chris.com\/blog\/wp-json\/wp\/v2\/media?parent=1432"}],"wp:term":[{"taxonomy":"category","embeddable":true,"href":"http:\/\/www.chez-prisc-chris.com\/blog\/wp-json\/wp\/v2\/categories?post=1432"},{"taxonomy":"post_tag","embeddable":true,"href":"http:\/\/www.chez-prisc-chris.com\/blog\/wp-json\/wp\/v2\/tags?post=1432"}],"curies":[{"name":"wp","href":"https:\/\/api.w.org\/{rel}","templated":true}]}}