{"id":1428,"date":"2022-09-04T15:54:24","date_gmt":"2022-09-04T13:54:24","guid":{"rendered":"http:\/\/www.chez-prisc-chris.com\/blog\/?p=1428"},"modified":"2022-09-07T15:28:42","modified_gmt":"2022-09-07T13:28:42","slug":"style-direct-style-indirect-en-francais","status":"publish","type":"post","link":"http:\/\/www.chez-prisc-chris.com\/blog\/style-direct-style-indirect-en-francais\/","title":{"rendered":"Style direct &amp; style indirect en fran\u00e7ais"},"content":{"rendered":"\n<p>Quand <strong>on rapporte les paroles<\/strong> de quelqu&rsquo;un, il y a <strong>2 approches<\/strong> en fran\u00e7ais : tu peux le faire <strong>sans transformer le message<\/strong> : c&rsquo;est ce qu&rsquo;on appelle <strong><em>le style direct.<\/em><\/strong> <br>Tu peux aussi <strong>te r\u00e9f\u00e9rer \u00e0 ce que quelqu&rsquo;un a dit<\/strong>, <strong>sans que ce soit une citation<\/strong> : c&rsquo;est <strong><em>le style indirect.<\/em><\/strong><\/p>\n\n\n\n<h2 class=\"wp-block-heading\">Le style direct<\/h2>\n\n\n\n<p><strong><em>Le style indirect<\/em><\/strong>, c&rsquo;est tr\u00e8s <strong>simple<\/strong> :<strong> <\/strong><br><strong>Par exemple<\/strong>, je suis en train de <strong>parler avec Christian<\/strong> et il m&rsquo;informe qu&rsquo;il va bient\u00f4t d\u00e9m\u00e9nager. <strong>\u00c0 l&rsquo;\u00e9crit<\/strong>, je peux <strong>rapporter le message de 2 mani\u00e8res<\/strong> : <\/p>\n\n\n\n<ul class=\"wp-block-list\"><li><strong>Christian me dit :<\/strong> <strong>\u00ab <em>Je vais bient\u00f4t d\u00e9m\u00e9nager <strong>\u00bb<\/strong>. <\/em><\/strong><\/li><li><em><strong><strong>\u00ab <\/strong>Je vais bient\u00f4t d\u00e9m\u00e9nager <strong>\u00bb<\/strong><\/strong><\/em><strong>, me dit Christian.<\/strong><\/li><\/ul>\n\n\n<div class=\"wp-block-image\">\n<figure class=\"aligncenter size-large is-resized\"><img loading=\"lazy\" decoding=\"async\" src=\"http:\/\/www.chez-prisc-chris.com\/blog\/wp-content\/uploads\/2022\/09\/woman-gd2202790c_1280-1024x453.jpg\" alt=\"\" class=\"wp-image-1395\" width=\"461\" height=\"203\" srcset=\"http:\/\/www.chez-prisc-chris.com\/blog\/wp-content\/uploads\/2022\/09\/woman-gd2202790c_1280-1024x453.jpg 1024w, http:\/\/www.chez-prisc-chris.com\/blog\/wp-content\/uploads\/2022\/09\/woman-gd2202790c_1280-300x133.jpg 300w, http:\/\/www.chez-prisc-chris.com\/blog\/wp-content\/uploads\/2022\/09\/woman-gd2202790c_1280-768x340.jpg 768w, http:\/\/www.chez-prisc-chris.com\/blog\/wp-content\/uploads\/2022\/09\/woman-gd2202790c_1280.jpg 1280w\" sizes=\"auto, (max-width: 461px) 100vw, 461px\" \/><\/figure>\n<\/div>\n\n\n<h3 class=\"wp-block-heading\"><strong>1re phrase<\/strong> <strong>d&rsquo;exemple<\/strong><\/h3>\n\n\n\n<p><strong>Christian me dit :<\/strong> <strong>\u00ab <em>Je vais bient\u00f4t d\u00e9m\u00e9nager <strong>\u00bb<\/strong>. <\/em><\/strong>Je commence par un <strong>verbe d&rsquo;introduction<\/strong> : <em><strong>Christian me dit<\/strong>&#8230;<\/em> <strong>Ensuite<\/strong>, on trouve des <strong>signes de ponctuation<\/strong> sp\u00e9cifiques,<em> <strong>2 points<\/strong> (:) et <strong>les guillemets <\/strong>(<strong>\u00ab <\/strong>&#8230;<strong>\u00bb<\/strong>).<\/em> <\/p>\n\n\n\n<p>\ud83d\udccc<strong>ATTENTION<\/strong><br><strong>La forme des guillemets<\/strong> est sp\u00e9ciale, en fran\u00e7ais : <strong>les guillemets<\/strong> sont \u00e9crits&#8230; <br>\u2192 comme \u00e7a : <strong>\u00ab &#8230; \u00bb<\/strong><br>\u2192 <strong>pas<\/strong> <strong>comme \u00e7a<\/strong> : <strong>\u00ab\u00a0&#8230;\u00a0\u00bb<\/strong><\/p>\n\n\n\n<p><strong>Entre les guillemets<\/strong> figurera le <strong>message<\/strong>, <strong>sans modification<\/strong> : <strong>le style direct <\/strong>va te permettre de <strong>citer exactement les paroles<\/strong> de la personne.<br><strong><strong>\u00ab <\/strong><em>Je vais bient\u00f4t d\u00e9m\u00e9nager<\/em> \u00bb<\/strong>. Voil\u00e0 la phrase telle que Christian l&rsquo;a prononc\u00e9e.<\/p>\n\n\n\n<h3 class=\"wp-block-heading\"><strong>2e phrase<\/strong> <strong>d&rsquo;exemple<\/strong><\/h3>\n\n\n\n<p><em><strong><strong>\u00ab <\/strong>Je vais bient\u00f4t d\u00e9m\u00e9nager <strong>\u00bb<\/strong><\/strong><\/em><strong>, me dit Christian<\/strong>. Dans cet exemple, je commence par le <strong>message<\/strong>, <strong>entre guillemets<\/strong>. <strong>Ensuite<\/strong> vient une <strong>virgule<\/strong>, <strong>puis<\/strong> le <strong>verbe d&rsquo;introduction<\/strong>, <strong>puis<\/strong> le <strong>sujet<\/strong>. <\/p>\n\n\n\n<p>\ud83d\udccc<strong>ATTENTION<\/strong> <br>Quand j&rsquo;utilise <strong>un pronom<\/strong> <strong>personnel <\/strong>au lieu du <strong>nom propre <\/strong><em>&lsquo;<\/em><em>Christian<\/em>&lsquo;, je <strong>l&rsquo;int\u00e8grerai<\/strong> ainsi \u00e0 ma phrase : <em><strong>\u00ab<\/strong><\/em> <em>Je vais bient\u00f4t d\u00e9m\u00e9nager <strong>\u00bb<\/strong><\/em>, me <strong>dit<\/strong>&#8211;<strong><strong>IL<\/strong>.<\/strong><\/p>\n\n\n\n<p><strong>Parfois<\/strong>, pour <strong>\u00e9viter la proximit\u00e9 des 2 voyelles<\/strong>, tu devras utiliser <strong>la lettre T<\/strong>, <strong>entre 2 tirets : -t-<\/strong><br><strong>Pourquoi la lettre -t-<\/strong> et pas une autre ? <strong>Parce que c&rsquo;est comme \u00e7a<\/strong>, accepte !!<\/p>\n\n\n\n<ul class=\"wp-block-list\"><li><em>\u00ab<\/em> <em>Je vais bient\u00f4t d\u00e9m\u00e9nager \u00bb<\/em>, m&rsquo;<strong>a-T-il <\/strong>dit.<\/li><\/ul>\n\n\n<div class=\"wp-block-image\">\n<figure class=\"aligncenter size-large is-resized\"><img loading=\"lazy\" decoding=\"async\" src=\"http:\/\/www.chez-prisc-chris.com\/blog\/wp-content\/uploads\/2022\/08\/full-shot-travel-concept-with-landmarks-1-1024x576.jpg\" alt=\"\" class=\"wp-image-1187\" width=\"353\" height=\"198\" srcset=\"http:\/\/www.chez-prisc-chris.com\/blog\/wp-content\/uploads\/2022\/08\/full-shot-travel-concept-with-landmarks-1-1024x576.jpg 1024w, http:\/\/www.chez-prisc-chris.com\/blog\/wp-content\/uploads\/2022\/08\/full-shot-travel-concept-with-landmarks-1-300x169.jpg 300w, http:\/\/www.chez-prisc-chris.com\/blog\/wp-content\/uploads\/2022\/08\/full-shot-travel-concept-with-landmarks-1-768x432.jpg 768w, http:\/\/www.chez-prisc-chris.com\/blog\/wp-content\/uploads\/2022\/08\/full-shot-travel-concept-with-landmarks-1-1536x864.jpg 1536w, http:\/\/www.chez-prisc-chris.com\/blog\/wp-content\/uploads\/2022\/08\/full-shot-travel-concept-with-landmarks-1-2048x1152.jpg 2048w\" sizes=\"auto, (max-width: 353px) 100vw, 353px\" \/><\/figure>\n<\/div>\n\n\n<h3 class=\"wp-block-heading\">Les verbes d&rsquo;introduction : les verbes du <em>&lsquo;dire&rsquo;<\/em><\/h3>\n\n\n\n<p>Pour <strong>rapporter les paroles de quelqu&rsquo;un<\/strong>, que ce soit <strong><em>au style direct<\/em><\/strong> ou <strong><em>au style<\/em><\/strong><em><strong> indirect<\/strong><\/em>, tu auras besoin d&rsquo;utiliser un <strong>verbe d&rsquo;introduction<\/strong>. <br>Dans <strong>la plupart des cas<\/strong>, il va s&rsquo;agir du verbe <strong><em>dire<\/em><\/strong>. C&rsquo;est la raison pour laquelle on les appelle <em><strong>&lsquo;Les verbes du dire&rsquo;<\/strong><\/em>. <\/p>\n\n\n\n<p><strong>Le vocabulaire est tr\u00e8s riche<\/strong> en la mati\u00e8re et tu pourras <strong>affiner ta pens\u00e9e<\/strong> en employant des <strong>verbes sp\u00e9cifiques <\/strong>en fonction du <strong>contexte<\/strong> : <br>\u2192 Il <strong>dit <\/strong>: <strong>\u00ab &#8230; \u00bb<\/strong> <br>\u2192 Il <strong>r\u00e9pond<\/strong> : <strong>\u00ab &#8230; \u00bb<\/strong> <br>\u2192 Il <strong>affirme <\/strong>: <strong>\u00ab &#8230; \u00bb<\/strong> <br>\u2192 Il <strong>ajoute<\/strong> : <strong>\u00ab &#8230; \u00bb<\/strong> <br>\u2192 Il <strong>annonce<\/strong> : <strong>\u00ab &#8230; \u00bb<\/strong> <br>\u2192 Il <strong>d\u00e9clare<\/strong> : <strong>\u00ab &#8230; \u00bb<\/strong> <br>\u2192 Il <strong>proclame<\/strong> : <strong>\u00ab &#8230; \u00bb<\/strong> <br>\u2192 Il <strong>admet<\/strong> : <strong>\u00ab &#8230; \u00bb<\/strong> <br>\u2192 Il <strong>crie <\/strong>: <strong>\u00ab &#8230; \u00bb<\/strong><br>\u2192 Il <strong>chuchote <\/strong>: <strong>\u00ab &#8230; \u00bb<\/strong><br>\u2192 Il <strong>explique<\/strong> : <strong>\u00ab &#8230; \u00bb<\/strong> <br>\u2192 Il <strong>pr\u00e9tend<\/strong> : <strong>\u00ab &#8230; \u00bb<\/strong> <br>\u2192 Il <strong>nie<\/strong> : <strong>\u00ab &#8230; \u00bb<\/strong> <br>\u2192 Il <strong>proteste<\/strong> : <strong>\u00ab &#8230; \u00bb<\/strong> <br>\u2192 &#8230;, <strong>etc.<\/strong><\/p>\n\n\n<div class=\"wp-block-image\">\n<figure class=\"aligncenter size-large is-resized\"><img loading=\"lazy\" decoding=\"async\" src=\"http:\/\/www.chez-prisc-chris.com\/blog\/wp-content\/uploads\/2022\/08\/saeed-karimi-JrrWC7Qcmhs-unsplash-1024x819.jpg\" alt=\"\" class=\"wp-image-1193\" width=\"375\" height=\"299\" srcset=\"http:\/\/www.chez-prisc-chris.com\/blog\/wp-content\/uploads\/2022\/08\/saeed-karimi-JrrWC7Qcmhs-unsplash-1024x819.jpg 1024w, http:\/\/www.chez-prisc-chris.com\/blog\/wp-content\/uploads\/2022\/08\/saeed-karimi-JrrWC7Qcmhs-unsplash-300x240.jpg 300w, http:\/\/www.chez-prisc-chris.com\/blog\/wp-content\/uploads\/2022\/08\/saeed-karimi-JrrWC7Qcmhs-unsplash-768x614.jpg 768w, http:\/\/www.chez-prisc-chris.com\/blog\/wp-content\/uploads\/2022\/08\/saeed-karimi-JrrWC7Qcmhs-unsplash-1536x1229.jpg 1536w, http:\/\/www.chez-prisc-chris.com\/blog\/wp-content\/uploads\/2022\/08\/saeed-karimi-JrrWC7Qcmhs-unsplash-2048x1638.jpg 2048w\" sizes=\"auto, (max-width: 375px) 100vw, 375px\" \/><\/figure>\n<\/div>\n\n\n<h2 class=\"wp-block-heading\">Le style indirect<\/h2>\n\n\n\n<p><strong><em>Au style indirect<\/em><\/strong>, les <strong>paroles de Christian<\/strong> seront <strong>rapport\u00e9es<\/strong>, <strong>sans guillemets<\/strong>, dans une phrase compl\u00e9mentaire : <\/p>\n\n\n\n<ul class=\"wp-block-list\"><li>Christian me dit <strong><em>qu&rsquo;il va bient\u00f4t d\u00e9m\u00e9nager.<\/em><\/strong><\/li><\/ul>\n\n\n\n<p>Pour <strong>transformer les paroles de quelqu&rsquo;un<\/strong> au <em><strong>style indirect<\/strong><\/em>, la vie n&rsquo;est pas toute rose : il y a <strong>diff\u00e9rentes r\u00e8gles \u00e0 respecter<\/strong>&#8230;<\/p>\n\n\n\n<h2 class=\"wp-block-heading\">Rapporter les paroles de quelqu&rsquo;un<\/h2>\n\n\n\n<p><strong>Comment les paroles de quelqu&rsquo;un ? <\/strong>Et bien tout va d\u00e9pendre de la forme du message, du type de phrase prononc\u00e9e par le locuteur, la personne qui parle :<\/p>\n\n\n\n<h3 class=\"wp-block-heading\">Une phrase d\u00e9clarative <\/h3>\n\n\n\n<p>Exemple : <strong><em>\u00ab<\/em> <em><em>Je suis fatigu\u00e9e<\/em><\/em> <em>aujourd\u2019hui. <em>\u00bb<\/em> <\/em><\/strong><br>Voici en exemple de<strong> phrase<\/strong> <strong>d\u00e9clarative <\/strong>: je <strong>d\u00e9clare<\/strong>, je <strong>dis quelque chose<\/strong>. Cette phrase n\u2019est <strong>pas une question<\/strong>, ce n\u2019est <strong>pas un ordre<\/strong>.<\/p>\n\n\n\n<p>Pour <strong>transposer<\/strong> une <strong>phrase d\u00e9clarative<\/strong> au <strong>style indirect<\/strong>, tu dois utiliser le mot <strong>QUE<\/strong> (ou <strong>QU&rsquo;<\/strong>) :<br>\u2192 Je te r\u00e9p\u00e8te <strong>QUE<\/strong><em> je suis fatigu\u00e9e<\/em> aujourd&rsquo;hui.&nbsp;<br>\u2192 Je te r\u00e9p\u00e8te <strong>QU&rsquo;ELLE<\/strong><em> est fatigu\u00e9e<\/em> aujourd&rsquo;hui.&nbsp;<\/p>\n\n\n\n<h3 class=\"wp-block-heading\">Une phrase \u00e0 l&rsquo;imp\u00e9ratif<\/h3>\n\n\n\n<p>Exemple : <strong><em>\u00ab<\/em> <em>Christian, <em>ferme la fen\u00eatre<\/em><\/em><\/strong>, s&rsquo;il te pla\u00eet ! <strong><em><em>\u00bb<\/em><\/em><\/strong><br>Dans <strong>cette phrase<\/strong>, le verbe <strong><em>&lsquo;ferme&rsquo; <\/em><\/strong>est <strong>\u00e0 l\u2019imp\u00e9ratif<\/strong>, la forme verbale utilis\u00e9e pour donner des <strong>ordres<\/strong>.<\/p>\n\n\n\n<p>Pour <strong>transposer<\/strong> un ordre, une <strong>phrase <strong>\u00e0 l\u2019imp\u00e9ratif<\/strong> positif,<\/strong> au <strong>style indirect<\/strong>, tu dois utiliser le mot <strong>DE<\/strong> (ou <strong>D&rsquo;<\/strong>) suivi de <strong>l&rsquo;infinitif du verbe<\/strong> :<br>\u2192 Je lui r\u00e9p\u00e8te <strong><em>DE fermer<\/em><\/strong><em> la fen\u00eatre.&nbsp;<\/em><br>\u2192 Je lui r\u00e9p\u00e8te <strong><strong><em>D&rsquo;ouvrir<\/em><\/strong><em> la fen\u00eatre.&nbsp;<\/em><\/strong>&nbsp;  <\/p>\n\n\n\n<p>Et que se passe t-il si l&rsquo;on a un <strong>ordre n\u00e9gatif,<\/strong> <strong>une interdiction<\/strong>, c\u2019est-\u00e0-dire une <strong>phrase <strong>\u00e0 l\u2019imp\u00e9ratif<\/strong> n\u00e9gatif<\/strong> ?<br>Exemple : <strong><em>\u00ab<\/em> <em>Christian, ferme la fen\u00eatre<\/em><\/strong>, s&rsquo;il te pla\u00eet ! <strong><em>\u00bb<\/em><\/strong><\/p>\n\n\n\n<p>Pour <strong>transposer<\/strong> <strong>au<\/strong> <strong>style indirect<\/strong> un<strong> ordre n\u00e9gatif,<\/strong> <strong>une interdiction<\/strong>, c\u2019est-\u00e0-dire une <strong>phrase <strong>\u00e0 l\u2019imp\u00e9ratif<\/strong> n\u00e9gatif<\/strong>, tu diras : <br>\u2192 Je lui r\u00e9p\u00e8te <strong><em>DE NE PAS fermer<\/em><\/strong><em> la fen\u00eatre.&nbsp;<\/em><br>On utilise <strong>DE + infinitif n\u00e9gatif<\/strong> : tu as le <strong>bloc n\u00e9gatif devant le verbe<\/strong> : <br>Exemple : Je te demande<em> <strong>DE NE RIEN lui dire<\/strong><\/em><br>Exemple : Je te prie<em> <strong>DE NE PLUS JAMAIS faire<\/strong> d\u2019erreur au style indirect. <\/em><\/p>\n\n\n\n<h3 class=\"wp-block-heading\">Une phrase interrogative : 3 possibilit\u00e9s<\/h3>\n\n\n\n<h4 class=\"wp-block-heading\">1- Une <strong>question ferm\u00e9e<\/strong><\/h4>\n\n\n\n<p>&#8230; c&rsquo;est-\u00e0-dire <strong>une question<\/strong> \u00e0 laquelle on peut <strong>r\u00e9pondre par OUI ou par NON<\/strong> : <br>Exemple : <strong><em>\u00ab Tu voudrais un caf\u00e9 ? \u00bb <\/em><\/strong><br>Voici un exemple de <strong>question ferm\u00e9e<\/strong>. Je peux r\u00e9pondre<em> : <strong>Oui<\/strong>, je voudrais bien&#8230; <strong>Non merci<\/strong>, je ne voudrais pas<\/em>&#8230;<\/p>\n\n\n\n<p>Pour <strong>transposer<\/strong> une <strong><strong>question ferm\u00e9e<\/strong><\/strong> au <strong>style indirect<\/strong>, tu dois utiliser le mot <strong>SI<\/strong> (ou <strong>S&rsquo;<\/strong>) :<br>\u2192 Je demande <em><strong>SI<\/strong> tu voudrais un caf\u00e9.<\/em>&nbsp;<br>\u2192 Je demande <em><strong>S&rsquo;il<\/strong> voudrait un caf\u00e9.<\/em>&nbsp;<\/p>\n\n\n\n<h4 class=\"wp-block-heading\">2- <em>Qu&rsquo;est-ce que (&#8230;) ; Qu&rsquo;est-ce qui (&#8230;<\/em>)<\/h4>\n\n\n\n<p>Exemple : <strong><em>\u00ab Qu&rsquo;est-ce que tu voudrais boire ? \u00bb<\/em><\/strong><br>Pour <strong>transposer<\/strong> la <strong><strong>question &lsquo;<em>Qu&rsquo;est-ce que<\/em><\/strong><\/strong>&lsquo; au <strong>style indirect<\/strong>, tu dois utiliser <strong>CE QUE<\/strong> (ou <strong>CE QU&rsquo;<\/strong>) :<br>\u2192 Je demande <em><strong><strong>CE QUE<\/strong><\/strong> tu voudrais boire.<\/em>&nbsp;<br>\u2192 Je demande <em><strong><strong>CE QU&rsquo;<\/strong><\/strong>il voudrait boire.<\/em>&nbsp;<\/p>\n\n\n\n<p>Exemple : <strong><em>\u00ab Qu&rsquo;est-ce qui s&rsquo;est pass\u00e9 ? \u00bb<\/em><\/strong><br>Pour <strong>transposer<\/strong> la <strong><strong>question &lsquo;<em>Qu&rsquo;est-ce qu<\/em><\/strong><em>i<\/em><\/strong>&lsquo; au <strong>style indirect<\/strong>, tu dois utiliser <strong>CE QUI<\/strong> :<br>\u2192 Je demande <em><strong><strong>CE QUI <\/strong><\/strong><em>s&rsquo;est pass\u00e9<\/em>.<\/em>&nbsp;<\/p>\n\n\n\n<p>\ud83d\udccc<strong>ATTENTION<\/strong><br><strong>M\u00eame s&rsquo;il y a une voyelle <\/strong>apr\u00e8s les mots <strong>CE<\/strong> <strong>QUI<\/strong>, tu ne mettras <strong>pas d&rsquo;apostrophe,<\/strong> tu ne pourras pas utiliser <strong>CE<\/strong> <strong>QU&rsquo; <\/strong>:<br>Exemple : <strong><em>\u00ab Qu&rsquo;est-ce qui est arriv\u00e9 ? \u00bb<\/em><\/strong><br>\u2192 Je demande <em><strong>CE QUI <\/strong><em>est arriv\u00e9<\/em>.<\/em>&nbsp;<\/p>\n\n\n\n<h4 class=\"wp-block-heading\">3- les autres mots de question<\/h4>\n\n\n<div class=\"wp-block-image\">\n<figure class=\"aligncenter size-large is-resized\"><img loading=\"lazy\" decoding=\"async\" src=\"http:\/\/www.chez-prisc-chris.com\/blog\/wp-content\/uploads\/2022\/09\/question-mark-g4650fab68_1280-1024x425.jpg\" alt=\"\" class=\"wp-image-1451\" width=\"455\" height=\"188\" srcset=\"http:\/\/www.chez-prisc-chris.com\/blog\/wp-content\/uploads\/2022\/09\/question-mark-g4650fab68_1280-1024x425.jpg 1024w, http:\/\/www.chez-prisc-chris.com\/blog\/wp-content\/uploads\/2022\/09\/question-mark-g4650fab68_1280-300x124.jpg 300w, http:\/\/www.chez-prisc-chris.com\/blog\/wp-content\/uploads\/2022\/09\/question-mark-g4650fab68_1280-768x319.jpg 768w, http:\/\/www.chez-prisc-chris.com\/blog\/wp-content\/uploads\/2022\/09\/question-mark-g4650fab68_1280.jpg 1280w\" sizes=\"auto, (max-width: 455px) 100vw, 455px\" \/><\/figure>\n<\/div>\n\n\n<p>Pour les questions construites avec <strong>un mot interrogatif,<\/strong> par exemple : <em><strong>comment, quel, combien, quand, o\u00f9, pourquoi, etc\u2026 <\/strong><\/em>tu dois reprendre le mot interrogatif dans la phrase au <strong>style indirect<\/strong>. C\u2019est tout simple.<\/p>\n\n\n\n<p>Exemple : <strong><em>\u00ab O\u00f9 est-ce que tu voudrais aller ? \u00bb<\/em><\/strong><br>\u2192 Je lui demande <em><strong>O\u00d9 <\/strong>elle voudrait aller.<\/em>&nbsp;<\/p>\n\n\n\n<p>Exemple : <strong><em>\u00ab Il s&rsquo;appelle comment ? \u00bb<\/em><\/strong><br>\u2192 Je lui demande <em><strong>COMMENT <\/strong>il s&rsquo;appelle.<\/em>&nbsp;<\/p>\n\n\n\n<p>Exemple : <strong><em>\u00ab Depuis quand ont-ils d\u00e9m\u00e9nag\u00e9 ? \u00bb<\/em><\/strong><br>\u2192 Je lui demande <em><strong>DEPUIS QUAND <\/strong>ils ont d\u00e9m\u00e9nag\u00e9.<\/em>&nbsp;<\/p>\n\n\n\n<h2 class=\"wp-block-heading\">Passer du style direct au style indirect<\/h2>\n\n\n\n<p>Il y a <strong>3 changements principaux<\/strong> entre ces <strong>2 mani\u00e8res de rapporter<\/strong> <strong>les paroles <\/strong>de quelqu&rsquo;un : <\/p>\n\n\n\n<h3 class=\"wp-block-heading\">1 &#8211; Une modification au niveau des pronoms personnels<\/h3>\n\n\n\n<div class=\"wp-block-columns is-layout-flex wp-container-core-columns-is-layout-9d6595d7 wp-block-columns-is-layout-flex\">\n<div class=\"wp-block-column is-layout-flow wp-block-column-is-layout-flow\">\n<ul class=\"wp-block-list\"><li><em><strong>\u00ab Je <\/strong>voudrais voir <strong>MA<\/strong> soeur<\/em> <em><strong>\u00bb<\/strong><\/em>, dit Christian \u2192 Christian dit qu&rsquo;<strong><em>IL<\/em><\/strong><em> voudrait voir <strong>SA<\/strong> soeur.<\/em><\/li><li>Ils <strong>ME<\/strong> demandent : <em><strong>\u00ab TU<\/strong> viendras chez <strong>NOUS <\/strong>pour No\u00ebl ? <strong>\u00bb<\/strong><\/em> \u2192 Ils <strong>ME<\/strong> demandent <em>si <strong>JE <\/strong>viendrais chez <strong>EUX<\/strong> pour No\u00ebl.<\/em><\/li><\/ul>\n<\/div>\n<\/div>\n\n\n\n<h3 class=\"wp-block-heading\">2 &#8211; Une modification au niveau des possessifs, adjectifs et  pronoms <\/h3>\n\n\n\n<div class=\"wp-block-columns is-layout-flex wp-container-core-columns-is-layout-9d6595d7 wp-block-columns-is-layout-flex\">\n<div class=\"wp-block-column is-layout-flow wp-block-column-is-layout-flow\">\n<ul class=\"wp-block-list\"><li>Il <strong>me<\/strong> demande : <strong><em>\u00ab <\/em>On prend <em>TA<\/em> voiture ou <em>LA MIENNE<\/em> ? <em>\u00bb<\/em><\/strong><br><\/li><li><em>\u00ab Je ne partirai pas sans <strong>VOTRE<\/strong> accord <\/em><strong><em>\u00bb<\/em><\/strong>, lui affirme-t-<strong>elle<\/strong>.<\/li><\/ul>\n<\/div>\n\n\n\n<div class=\"wp-block-column is-layout-flow wp-block-column-is-layout-flow\">\n<ul class=\"wp-block-list\"><li>Il <strong>me<\/strong> demande <em>si on prend<\/em><strong> <em>MA<\/em> <\/strong><em>voiture ou<\/em><strong> <em>LA SIENNE<\/em> ? <em>\u00bb<\/em><\/strong><br><\/li><li>Elle lui affirme qu&rsquo;<em><strong>ELLE<\/strong> ne partira pas sans <strong>SON<\/strong> accord.<\/em><\/li><\/ul>\n<\/div>\n<\/div>\n\n\n\n<h3 class=\"wp-block-heading\">3 &#8211; Une modification au niveau des verbes<\/h3>\n\n\n\n<p>Revenons \u00e0 <strong>l&rsquo;exemple<\/strong>, suivant : <\/p>\n\n\n\n<ul class=\"wp-block-list\"><li>Christian dit : <em><strong>\u00ab Je <\/strong>voudrais voir ma soeur<\/em>. <em><strong>\u00bb<\/strong><\/em> \u2192 Christian dit qu&rsquo;<em><strong>il<\/strong> voudrait voir sa soeur<\/em>.<\/li><\/ul>\n\n\n\n<p>Dans cet exemple, le <strong>temps du verbe n&rsquo;a pas chang\u00e9<\/strong> : on a <strong>gard\u00e9 le conditionnel<\/strong>. Seule le <strong>pronom personnel sujet<\/strong> est <strong>diff\u00e9rent<\/strong> : <em>JE \u2192 IL. <\/em><br><strong>Le verbe s&rsquo;accorde<\/strong> en cons\u00e9quence : <em>Je voudrai<strong>S<\/strong> \u2192 Il voudrai<strong>T<\/strong>.<\/em><\/p>\n\n\n\n<p>Il existe une autre modification au niveau des verbes : il s&rsquo;agit de la <strong>concordance des temps<\/strong>. <br>Pour cela, il te faudra <strong>conna\u00eetre les formes verbales<\/strong> sur le bout des doigts ! <br>Pour t&rsquo;y aider, <strong>Christian a pr\u00e9par\u00e9 une formation<\/strong> sur la <strong>conjugaison des verbes les plus utilis\u00e9s de la langue fran\u00e7aise :<\/strong><\/p>\n\n\n\n<iframe src=\"https:\/\/learn-french-fun.com\/50verbes\/encart-les-50-verbes-plus-utilises-par-francais.php\" style=\"width:100%; height: 700px; border: none;\"><\/iframe> \n\n\n\n<h3 class=\"wp-block-heading\">La concordance des temps, qu&rsquo;est-ce que c&rsquo;est ?<\/h3>\n\n\n\n<p>La <strong>concordance des temps<\/strong>, c&rsquo;est le <strong>changement obligatoire des temps des verbes<\/strong> qui peut se passer entre <strong>le style direct <\/strong>et <strong>le style indirect.<\/strong><\/p>\n\n\n\n<p><strong>La bonne nouvelle<\/strong>, c&rsquo;est qu&rsquo;au <strong>style indirect<\/strong>, le probl\u00e8me de <strong>concordance des temps <\/strong>ne se pose pas<strong> <\/strong>si le <strong>verbe d&rsquo;introduction<\/strong> est <strong>AU PR\u00c9SENT <\/strong>:<\/p>\n\n\n\n<ul class=\"wp-block-list\"><li><em>\u00ab Ils <strong>sont partis<\/strong> \u00bb<\/em>, <strong><em>m&rsquo;informe<\/em> <\/strong>Christian <em>\u2192<\/em> <em>Christian<\/em> <strong><em>m&rsquo;informe<\/em><\/strong><em> qu<\/em>&lsquo;<em>ils <strong>sont partis<\/strong><\/em>.<br>Le verbe &lsquo;<strong><em>m&rsquo;informe<\/em><\/strong>&lsquo; est <strong>au pr\u00e9sent<\/strong>, donc tu <strong>ne changes pas<\/strong> le <strong>temps du message<\/strong> quand tu <strong>transformes la phrase<\/strong> au <strong>style indirect.<\/strong><\/li><\/ul>\n\n\n\n<p><strong>MAIS<\/strong>&#8230; Si le <strong>verbe d&rsquo;introduction<\/strong> est <strong>AU PASS\u00c9, \u00e7a se complique <\/strong>:<\/p>\n\n\n\n<ul class=\"wp-block-list\"><li><em>\u00ab Ils <strong>sont partis<\/strong> \u00bb<\/em>, <strong><em>m&rsquo;a inform\u00e9<\/em> <\/strong>Christian <em>\u2192<\/em> <em>Christian<\/em> <strong><em>m&rsquo;a inform<\/em><\/strong><em><strong>\u00e9<\/strong> qu<\/em>&lsquo;<em>ils <strong>\u00e9taient partis<\/strong><\/em>.<br>Le verbe &lsquo;<strong><em><strong><em>m&rsquo;a inform<\/em><\/strong><em><strong>\u00e9<\/strong>&lsquo; <\/em><\/em><\/strong>est <strong>au pass\u00e9 compos\u00e9<\/strong>, donc tu <strong>DOIS changer <\/strong>le <strong>temps du message<\/strong> quand tu <strong>transformes la phrase<\/strong> au <strong>style indirect<\/strong> : <em>\u00ab Ils <strong>sont partis<\/strong> \u00bb<\/em> <em>\u2192<\/em> <em>qu<\/em>&lsquo;<em>ils <strong>\u00e9taient partis<\/strong><\/em>. <\/li><\/ul>\n\n\n\n<p>Tu trouveras <strong>toutes les informations<\/strong> sur ces <strong>modifications du style indirect au pass\u00e9<\/strong> dans un article d\u00e9di\u00e9 intitul\u00e9 : <strong><em>Style indirect &amp; Concordance des temps en fran\u00e7ais.<\/em><\/strong> <\/p>\n\n\n\n<h2 class=\"wp-block-heading\">En conclusion<\/h2>\n\n\n\n<p>Comment rapporter les paroles de quelqu&rsquo;un, c&rsquo;est important. <br>C&rsquo;est un acte de langage que tu fais tout le temps quand tu t&rsquo;exprimes dans ta langue maternelle, et tu le fais sans r\u00e9aliser que tu dois manipuler des structures grammaticales ou lexicales. <\/p>\n\n\n\n<p>Et bien en fran\u00e7ais, c&rsquo;est la m\u00eame chose : pour t&rsquo;exprimer couramment, \u00e0 l&rsquo;\u00e9crit comme \u00e0 l&rsquo;oral, tu devras ma\u00eetriser les diff\u00e9rentes transformations qui existent entre le style direct et le style indirect. Et \u00e7a va sans doute te demander un peu de travail&#8230; Mais \u00e7a en vaut vraiment la peine : tu verras que tu te sentiras plus \u00e0 l&rsquo;aise en fran\u00e7ais, que la communication sera plus ais\u00e9e et plus fluide. <\/p>\n\n\n\n<p><\/p>\n\n\n\n<a href=\"https:\/\/www.buymeacoffee.com\/learnfrenchfun\" target=\"_blank\" title=\"Offre-moi un caf\u00e9 :)\" rel=\"noopener\"><img decoding=\"async\" src=\"https:\/\/www.chez-prisc-chris.com\/habillage-blog\/bmc-fr.png\" alt=\"Offre-moi un caf\u00e9 sur BuyMeACoffee\" style=\"margin: 0 auto\"><\/a>\n\n\n\n<h3 class=\"wp-block-heading\"> <\/h3>\n","protected":false},"excerpt":{"rendered":"<p>Comment rapporter les paroles de quelqu&rsquo;un ? Comment r\u00e9p\u00e9ter \u00e0 une autre personne ce que tu as entendu ou ce que tu as lu ? Voil\u00e0 sur quoi va porter cet article&#8230;<br \/>\nLe style direct et le style indirect sont les outils que tu pourras utiliser pour cela. Une le\u00e7on de grammaire super importante parce qu&rsquo;elle porte sur des points de langue qu&rsquo;on utilise tout le temps quand on parle ou quand on \u00e9crit en fran\u00e7ais !<\/p>\n","protected":false},"author":2,"featured_media":1446,"comment_status":"open","ping_status":"open","sticky":false,"template":"","format":"standard","meta":{"_uag_custom_page_level_css":"","_kad_post_transparent":"","_kad_post_title":"","_kad_post_layout":"","_kad_post_sidebar_id":"","_kad_post_content_style":"","_kad_post_vertical_padding":"","_kad_post_feature":"","_kad_post_feature_position":"","_kad_post_header":false,"_kad_post_footer":false,"footnotes":""},"categories":[5],"tags":[],"class_list":["post-1428","post","type-post","status-publish","format-standard","has-post-thumbnail","hentry","category-grammaire-francaise"],"uagb_featured_image_src":{"full":["http:\/\/www.chez-prisc-chris.com\/blog\/wp-content\/uploads\/2022\/09\/group-g3f8e99b6d_1280.jpg",1280,570,false],"thumbnail":["http:\/\/www.chez-prisc-chris.com\/blog\/wp-content\/uploads\/2022\/09\/group-g3f8e99b6d_1280-150x150.jpg",150,150,true],"medium":["http:\/\/www.chez-prisc-chris.com\/blog\/wp-content\/uploads\/2022\/09\/group-g3f8e99b6d_1280-300x134.jpg",300,134,true],"medium_large":["http:\/\/www.chez-prisc-chris.com\/blog\/wp-content\/uploads\/2022\/09\/group-g3f8e99b6d_1280-768x342.jpg",768,342,true],"large":["http:\/\/www.chez-prisc-chris.com\/blog\/wp-content\/uploads\/2022\/09\/group-g3f8e99b6d_1280-1024x456.jpg",1024,456,true],"hd_qu_size2":["http:\/\/www.chez-prisc-chris.com\/blog\/wp-content\/uploads\/2022\/09\/group-g3f8e99b6d_1280.jpg",400,178,false],"1536x1536":["http:\/\/www.chez-prisc-chris.com\/blog\/wp-content\/uploads\/2022\/09\/group-g3f8e99b6d_1280.jpg",1280,570,false],"2048x2048":["http:\/\/www.chez-prisc-chris.com\/blog\/wp-content\/uploads\/2022\/09\/group-g3f8e99b6d_1280.jpg",1280,570,false]},"uagb_author_info":{"display_name":"Priscilla","author_link":"http:\/\/www.chez-prisc-chris.com\/blog\/author\/prisc\/"},"uagb_comment_info":1,"uagb_excerpt":"Comment rapporter les paroles de quelqu'un ? Comment r\u00e9p\u00e9ter \u00e0 une autre personne ce que tu as entendu ou ce que tu as lu ? Voil\u00e0 sur quoi va porter cet article... Le style direct et le style indirect sont les outils que tu pourras utiliser pour cela. Une le\u00e7on de grammaire super importante parce\u2026","_links":{"self":[{"href":"http:\/\/www.chez-prisc-chris.com\/blog\/wp-json\/wp\/v2\/posts\/1428","targetHints":{"allow":["GET"]}}],"collection":[{"href":"http:\/\/www.chez-prisc-chris.com\/blog\/wp-json\/wp\/v2\/posts"}],"about":[{"href":"http:\/\/www.chez-prisc-chris.com\/blog\/wp-json\/wp\/v2\/types\/post"}],"author":[{"embeddable":true,"href":"http:\/\/www.chez-prisc-chris.com\/blog\/wp-json\/wp\/v2\/users\/2"}],"replies":[{"embeddable":true,"href":"http:\/\/www.chez-prisc-chris.com\/blog\/wp-json\/wp\/v2\/comments?post=1428"}],"version-history":[{"count":17,"href":"http:\/\/www.chez-prisc-chris.com\/blog\/wp-json\/wp\/v2\/posts\/1428\/revisions"}],"predecessor-version":[{"id":1483,"href":"http:\/\/www.chez-prisc-chris.com\/blog\/wp-json\/wp\/v2\/posts\/1428\/revisions\/1483"}],"wp:featuredmedia":[{"embeddable":true,"href":"http:\/\/www.chez-prisc-chris.com\/blog\/wp-json\/wp\/v2\/media\/1446"}],"wp:attachment":[{"href":"http:\/\/www.chez-prisc-chris.com\/blog\/wp-json\/wp\/v2\/media?parent=1428"}],"wp:term":[{"taxonomy":"category","embeddable":true,"href":"http:\/\/www.chez-prisc-chris.com\/blog\/wp-json\/wp\/v2\/categories?post=1428"},{"taxonomy":"post_tag","embeddable":true,"href":"http:\/\/www.chez-prisc-chris.com\/blog\/wp-json\/wp\/v2\/tags?post=1428"}],"curies":[{"name":"wp","href":"https:\/\/api.w.org\/{rel}","templated":true}]}}