{"id":1169,"date":"2022-08-19T19:14:14","date_gmt":"2022-08-19T17:14:14","guid":{"rendered":"http:\/\/www.chez-prisc-chris.com\/blog\/?p=1169"},"modified":"2022-09-03T09:20:46","modified_gmt":"2022-09-03T07:20:46","slug":"le-conditionnel-formes-et-valeurs","status":"publish","type":"post","link":"http:\/\/www.chez-prisc-chris.com\/blog\/le-conditionnel-formes-et-valeurs\/","title":{"rendered":"Le conditionnel : formes et valeurs"},"content":{"rendered":"\n<h2 class=\"wp-block-heading\">1- Modes &amp; temps : petit rappel <\/h2>\n\n\n\n<p>Il existe en fran\u00e7ais <strong>2 temps<\/strong> \u00e0 l&rsquo;int\u00e9rieur de <strong>ce mode<\/strong> qu&rsquo;est <strong>le conditionnel. <\/strong><\/p>\n\n\n\n<p>Tu sais ce qu&rsquo;est <strong>un mode<\/strong> ? C&rsquo;est une <strong>grande cat\u00e9gorie<\/strong> dans laquelle on trouve <strong>les temps<\/strong> des verbes. Par exemple : <\/p>\n\n\n\n<h3 class=\"wp-block-heading\">\u2192 <strong>LE MODE INDICATIF <\/strong> <\/h3>\n\n\n\n<p><strong>Des exemples <\/strong>avec le verbe <strong><em>VOYAGER <\/em><\/strong> <\/p>\n\n\n\n<p>Il regroupe <strong>les temps des verbes<\/strong> qu&rsquo;on <strong>\u00e9tudie en premier,<\/strong> quand on commence l&rsquo;apprentissage du fran\u00e7ais : <em><strong>les pass\u00e9s <\/strong>(plus-que-parfait, pass\u00e9 compos\u00e9, imparfait) <strong>le pr\u00e9sent, les futurs<\/strong><\/em><strong> <\/strong><em>(futur simple et futur ant\u00e9rieur)<\/em>, etc. <\/p>\n\n\n<div class=\"wp-block-image\">\n<figure class=\"aligncenter size-large is-resized\"><img loading=\"lazy\" decoding=\"async\" src=\"http:\/\/www.chez-prisc-chris.com\/blog\/wp-content\/uploads\/2022\/08\/full-shot-travel-concept-with-landmarks-1-1024x576.jpg\" alt=\"Tu connais le conditionnel pr\u00e9sent du verbe &quot;Voyager&quot; ?\" class=\"wp-image-1187\" width=\"400\" height=\"221\"\/><\/figure>\n<\/div>\n\n\n<ul class=\"has-theme-palette-1-color has-text-color wp-block-list\"><li>au plus-que-parfait \u2192<strong><em> j&rsquo;avais voyag\u00e9<\/em><\/strong><\/li><li>au pass\u00e9 compos\u00e9 \u2192 <strong><em>j&rsquo;ai voyag\u00e9<\/em><\/strong><\/li><li>\u00e0 l&rsquo;imparfait \u2192 <em><strong>je voyageais<\/strong><\/em><\/li><li>au pr\u00e9sent de l&rsquo;indicatif \u2192 <strong><em>je voyage<\/em><\/strong><\/li><li>au futur simple \u2192 <strong><em>je voyagerai<\/em><\/strong><\/li><li>au futur ant\u00e9rieur \u2192 <em><strong>j&rsquo;aurai voyag\u00e9<\/strong><\/em><\/li><\/ul>\n\n\n\n<p>Il y a \u00e9galement, dans le <strong><em>mode Indicatif,<\/em><\/strong>  <strong>d&rsquo;autres temps moins utilis\u00e9s<\/strong> comme <strong><em>le pass\u00e9 simple<\/em><\/strong>. Si cette derni\u00e8re forme verbale t&rsquo;int\u00e9resse, tu peux lire un article que j&rsquo;ai publi\u00e9 sur ce blog il y a quelque temps :<em> <strong>\u00ab\u00a0Non, le pass\u00e9 simple ne doit pas mourir\u00a0\u00bb&#8230;<\/strong><\/em><\/p>\n\n\n\n<p><\/p>\n\n\n\n<h3 class=\"wp-block-heading\">\u2192 <strong><strong>LE MODE<\/strong> SUBJONCTIF<\/strong><\/h3>\n\n\n<div class=\"wp-block-image\">\n<figure class=\"aligncenter size-large is-resized\"><img loading=\"lazy\" decoding=\"async\" src=\"http:\/\/www.chez-prisc-chris.com\/blog\/wp-content\/uploads\/2022\/08\/man-gd46d14804_1280-1024x678.jpg\" alt=\"Le subjonctif, c'est le cauchemar de beaucoup d'\u00e9tudiants de fran\u00e7ais...\" class=\"wp-image-1188\" width=\"345\" height=\"228\" srcset=\"http:\/\/www.chez-prisc-chris.com\/blog\/wp-content\/uploads\/2022\/08\/man-gd46d14804_1280-1024x678.jpg 1024w, http:\/\/www.chez-prisc-chris.com\/blog\/wp-content\/uploads\/2022\/08\/man-gd46d14804_1280-300x199.jpg 300w, http:\/\/www.chez-prisc-chris.com\/blog\/wp-content\/uploads\/2022\/08\/man-gd46d14804_1280-768x508.jpg 768w, http:\/\/www.chez-prisc-chris.com\/blog\/wp-content\/uploads\/2022\/08\/man-gd46d14804_1280.jpg 1280w\" sizes=\"auto, (max-width: 345px) 100vw, 345px\" \/><\/figure>\n<\/div>\n\n\n<p>Ce mode est le<strong> cauchemar<\/strong> de la plupart des \u00e9tudiants de fran\u00e7ais \ud83d\ude2d <\/p>\n\n\n\n<p>Pourtant, avec un peu de <strong>m\u00e9thode <\/strong>et d&rsquo;<strong>attention<\/strong>, il est assez facile \u00e0 ma\u00eetriser. <strong>Au mode subjonctif<\/strong>, il existe <strong>2 temps<\/strong> : <em><strong>le subjonctif pass\u00e9<\/strong><\/em> et <em><strong>le subjonctif pr\u00e9sent<\/strong><\/em>.<\/p>\n\n\n\n<p><strong>Des exemples <\/strong>avec le verbe <strong><em>VOYAGER<\/em><\/strong><\/p>\n\n\n\n<ul class=\"has-theme-palette-1-color has-text-color wp-block-list\"><li>Au subjonctif pass\u00e9 <em><strong>\u2192<\/strong><\/em> <em>Je regrette qu&rsquo;il <strong>n&rsquo;ait pas voyag\u00e9 <\/strong>avec nous.<\/em><\/li><li>Au subjonctif pr\u00e9sent \u2192 <em>Je regrette qu&rsquo;il <strong>ne voyage pas<\/strong> avec nous.<\/em><\/li><\/ul>\n\n\n\n<p>Si tu veux <strong>approfondir tes connaissances<\/strong> sur le <strong>subjonctif,<\/strong> tu trouveras <strong>non pas 1, mais 3 articles<\/strong> que j&rsquo;ai publi\u00e9s \u00e0 ce sujet sur le blog !!! <\/p>\n\n\n\n<p>Avec tout \u00e7a, plus d&rsquo;excuse, tu deviendras un Champion du subjonctif \ud83d\ude1c<\/p>\n\n\n\n<p><\/p>\n\n\n\n<h3 class=\"wp-block-heading\">\u2192 <strong><strong>LE MODE<\/strong> CONDITIONNEL<\/strong><\/h3>\n\n\n\n<p>Au <strong>mode conditionnel<\/strong>, comme je te le disais en introduction de cet article, il y a <strong>2 temps<\/strong> : <em><strong>le conditionnel pass\u00e9 <\/strong><\/em>et<em><strong> le conditionnel pr\u00e9sent :<\/strong><\/em><\/p>\n\n\n\n<p><strong>Des exemples <\/strong>avec le verbe <strong><em>VOYAGER<\/em><\/strong><\/p>\n\n\n\n<ul class=\"has-theme-palette-1-color has-text-color wp-block-list\"><li>Au conditionnel pass\u00e9 \u2192 <strong><em>J&rsquo;aurais voyag\u00e9<\/em><\/strong><\/li><li>Au conditionnel pr\u00e9sent \u2192 <strong><em>Je voyagerais<\/em><\/strong><\/li><\/ul>\n\n\n\n<h2 class=\"wp-block-heading\">2- Conjuguer un verbe au conditionnel pr\u00e9sent<\/h2>\n\n\n\n<p>Si tu <strong>connais<\/strong> d\u00e9j\u00e0 la<strong> conjugaison du futur simple<\/strong>, celle du <strong>conditionnel <\/strong>sera <em>simple comme bonjour !<\/em> La <strong>base du verbe sera la m\u00eame<\/strong>, seules <strong>changeront les finales<\/strong>. <\/p>\n\n\n\n<p><strong>Exemple <\/strong>avec le verbe <strong><em>VOYAGER<\/em><\/strong> au <em><strong>futur simple<\/strong><\/em><\/p>\n\n\n\n<ul class=\"has-theme-palette-1-color has-text-color wp-block-list\"><li>je voyage<strong>rai <\/strong><\/li><li>tu voyage<strong>ras<\/strong> <\/li><li>il voyage<strong>ra <\/strong><\/li><li>nous voyage<strong>rons<\/strong> <\/li><li>vous voyage<strong>rez<\/strong> <\/li><li>ils voyage<strong>ront<\/strong><\/li><\/ul>\n\n\n\n<p><strong>Exemple <\/strong>avec le verbe <strong><em>VOYAGER<\/em><\/strong> au <em><strong>conditionnel pr\u00e9sent<\/strong><\/em><\/p>\n\n\n\n<ul class=\"has-theme-palette-1-color has-text-color wp-block-list\"><li>je voyage<strong>rais <\/strong><\/li><li>tu voyage<strong>rais<\/strong> <\/li><li>il voyage<strong>rait <\/strong><\/li><li>nous voyage<strong>rions<\/strong> <\/li><li>vous voyage<strong>riez<\/strong> <\/li><li>ils voyage<strong>raient<\/strong><\/li><\/ul>\n\n\n\n<p>Au <strong><em>futur simple<\/em><\/strong>, la base, c&rsquo;est <strong>l&rsquo;infinitif <\/strong>: VOYAGER. Tu y <strong>ajoutes les finales<\/strong> de <strong><em>avoir<\/em><\/strong> \u00e0 l&rsquo;indicatif pr\u00e9sent : <strong>-AI, -AS, -A, -ONS, -EZ, -ONT<\/strong><\/p>\n\n\n\n<p>Au <strong><em>conditionnel pr\u00e9sent<\/em><\/strong>, la base, c&rsquo;est toujours <strong>l&rsquo;infinitif<\/strong> : VOYAGER. Mais l\u00e0, tu y <strong>ajoutes les finales<\/strong> de l&rsquo;imparfait : <strong>-AIS, -AIS, -AIS, -IONS, -IEZ, -AIENT<\/strong><\/p>\n\n\n\n<h3 class=\"wp-block-heading\">Plusieurs remarques : <\/h3>\n\n\n\n<ol class=\"wp-block-list\"><li>Les verbes conjugu\u00e9s au <strong><em>futur simple<\/em><\/strong> et au <em><strong>conditionnel pr\u00e9sent<\/strong> <\/em>ont toujours un <strong>R<\/strong> devant les finales. S&rsquo;il n&rsquo;y a <strong>pas de R<\/strong> dans le verbe, c&rsquo;est qu&rsquo;il n&rsquo;est ni au <strong><em>futur simple<\/em><\/strong>, ni au <em><strong>conditionnel pr\u00e9sent<\/strong><\/em> : <em>je voyage<strong>Rai<\/strong> (<strong>futur<\/strong>), ils voyage<strong>Raient<\/strong> (<strong>conditionnel<\/strong>)<\/em>.<\/li><\/ol>\n\n\n<div class=\"wp-block-image\">\n<figure class=\"aligncenter size-large is-resized\"><img loading=\"lazy\" decoding=\"async\" src=\"http:\/\/www.chez-prisc-chris.com\/blog\/wp-content\/uploads\/2022\/08\/emiliano-vittoriosi-0N_azCmUmcg-unsplash-1-1024x680.jpg\" alt=\"Observe la construction de ces fr\u00e8res jumeaux, le futur simple et le conditionnel pr\u00e9sent !\" class=\"wp-image-1190\" width=\"400\" height=\"266\" srcset=\"http:\/\/www.chez-prisc-chris.com\/blog\/wp-content\/uploads\/2022\/08\/emiliano-vittoriosi-0N_azCmUmcg-unsplash-1-1024x680.jpg 1024w, http:\/\/www.chez-prisc-chris.com\/blog\/wp-content\/uploads\/2022\/08\/emiliano-vittoriosi-0N_azCmUmcg-unsplash-1-300x199.jpg 300w, http:\/\/www.chez-prisc-chris.com\/blog\/wp-content\/uploads\/2022\/08\/emiliano-vittoriosi-0N_azCmUmcg-unsplash-1-768x510.jpg 768w, http:\/\/www.chez-prisc-chris.com\/blog\/wp-content\/uploads\/2022\/08\/emiliano-vittoriosi-0N_azCmUmcg-unsplash-1-1536x1020.jpg 1536w, http:\/\/www.chez-prisc-chris.com\/blog\/wp-content\/uploads\/2022\/08\/emiliano-vittoriosi-0N_azCmUmcg-unsplash-1-2048x1360.jpg 2048w\" sizes=\"auto, (max-width: 400px) 100vw, 400px\" \/><\/figure>\n<\/div>\n\n\n<ol class=\"wp-block-list\"><li>En g\u00e9n\u00e9ral,<strong><em> futur et conditionnel <\/em><\/strong>sont bas\u00e9s sur <strong>l&rsquo;infinitif <\/strong>du verbe. Mais&#8230; \u00e7a, c&rsquo;est pour  les <strong>verbes r\u00e9guliers<\/strong> ! Il y a pas mal de <strong>verbes irr\u00e9guliers<\/strong>, mais la <strong>bonne nouvelle<\/strong>, c&rsquo;est que, quand tu as appris la base irr\u00e9guli\u00e8re, tu dois juste ajouter les finales : <strong><em>futur simple et conditionnel pr\u00e9sent <\/em><\/strong>sont r\u00e9guliers dans leurs conjugaisons&#8230; \ud83d\ude05<\/li><\/ol>\n\n\n\n<h3 class=\"wp-block-heading\">Base des verbes irr\u00e9guliers au futur et au conditionnel<\/h3>\n\n\n\n<p>Exemple <strong><em>\u00eatre \u2192 SER-<\/em><\/strong> <\/p>\n\n\n\n<ul class=\"has-theme-palette-1-color has-text-color wp-block-list\"><li><strong>Au futur <em>\u2192 je SER<\/em><\/strong>ai, tu <strong><em>SER<\/em><\/strong>as, il <strong><em>SER<\/em><\/strong>a, nous <strong><em>SER<\/em><\/strong>ons, vous <strong><em>SER<\/em><\/strong>ez, ils <strong><em>SER<\/em><\/strong>ont  <\/li><li><strong>Au conditionnel<\/strong> <strong><em>\u2192 je SER<\/em><\/strong>ais, tu <strong><em>SER<\/em><\/strong>ais, il <strong><em>SER<\/em><\/strong>ait, nous <strong><em>SER<\/em><\/strong>ions, vous <strong><em>SER<\/em><\/strong>iez, ils <strong><em>SER<\/em><\/strong>aient<\/li><\/ul>\n\n\n\n<p>D&rsquo;autres <strong>exemples<\/strong> de verbes dont la <strong>base est irr\u00e9guli\u00e8re<\/strong> au <strong><em>futur <strong><em>simple<\/em><\/strong> <\/em><\/strong>et au <em><strong>conditionnel<\/strong><\/em> <strong><em>pr\u00e9sent<\/em><\/strong> :<\/p>\n\n\n\n<ul class=\"has-theme-palette-1-color has-text-color wp-block-list\"><li>avoir \u2192 AUR-<\/li><li>savoir \u2192 SAUR-<\/li><li>aller \u2192 IR-<\/li><li>venir \u2192 VIENDR-<\/li><li>devoir \u2192 DEVR-<\/li><li>vouloir \u2192 VOUDR-<\/li><li>pleuvoir \u2192 PLEUVR-<\/li><li>faire \u2192 FER-<\/li><li>pouvoir \u2192 POURR-<\/li><li>courir \u2192 COURR-<\/li><li>mourir \u2192 MOURR-<\/li><li>voir \u2192 VERR-<\/li><li>envoyer \u2192 ENVERR-<\/li><li>acqu\u00e9rir \u2192 ACQUERR-<\/li><\/ul>\n\n\n\n<h2 class=\"wp-block-heading\">3- Conjuguer un verbe au conditionnel pass\u00e9<\/h2>\n\n\n\n<p>Pour conjuguer un verbe au <strong><em>futur simple<\/em><\/strong>, <strong>c&rsquo;est&#8230; <\/strong><em><strong>super simple<\/strong> <\/em>! La <strong>formation du <\/strong><em><strong>conditionnel pass\u00e9<\/strong>,<\/em> comme celle de <strong>tous les verbes compos\u00e9s<\/strong>, est semblable au <strong>pass\u00e9 compos\u00e9<\/strong> : tu utilises l&rsquo;auxiliaire <strong><em>avoir<\/em><\/strong> ou <em><strong>\u00eatre<\/strong><\/em> (au <strong>conditionnel pr\u00e9sent <\/strong>dans ce cas) et tu y <strong>ajoutes <\/strong>le <em><strong>participe pass\u00e9<\/strong><\/em> du verbe :<\/p>\n\n\n\n<ul class=\"has-theme-palette-1-color has-text-color wp-block-list\"><li><em>VOYAGER<\/em> au <em>pr\u00e9sent<\/em> \u2192<em> j&rsquo;ai voyag\u00e9<\/em> <\/li><li><em><em>VOYAGER<\/em><\/em> au <em>conditionnel pass\u00e9<\/em>\u2192<em> <strong>j&rsquo;aurais voyag\u00e9<\/strong><\/em><\/li><li><em>ALLER<\/em> au <em>pr\u00e9sent<\/em> \u2192<em> je suis all\u00e9e<\/em>&#8230;  <\/li><li> <em>ALLER<\/em> au <em>conditionnel <em>pass\u00e9<\/em><\/em>\u2192<em> <\/em><strong><em>je serais all\u00e9e<\/em>&#8230;<\/strong><\/li><li><em>SE SOUVENIR<\/em> au <em>pr\u00e9sent<\/em> \u2192<em> je me suis souvenu<\/em>&#8230; <\/li><li><em>SE SOUVENIR<\/em>  au <em>conditionnel <em>pass\u00e9<\/em><\/em>\u2192<em> <\/em><strong><em>je me <em>serais<\/em> souvenu<\/em>&#8230;<\/strong> <\/li><\/ul>\n\n\n\n<h2 class=\"wp-block-heading\">4- Les valeurs du conditionnel<\/h2>\n\n\n\n<p><strong>Dernier point<\/strong>, mais non des moindres concernant le <strong><em>conditionnel, pr\u00e9sent et pass\u00e9<\/em><\/strong>. Quelles sont les <strong><em>valeurs<\/em> <\/strong>de ce<strong> mode<\/strong>, de ces <strong>2 temps<\/strong> ? Qu&rsquo;est-ce qu&rsquo;on <strong>exprime<\/strong> quand on utilise un <strong>verbe<\/strong> au <strong><em>conditionnel pr\u00e9sent <\/em><\/strong>ou au <strong><em>conditionnel pass\u00e9<\/em><\/strong> ?<\/p>\n\n\n\n<h3 class=\"wp-block-heading\">L&rsquo;id\u00e9e d&rsquo;<em>hypoth\u00e8se r\u00e9alisable <\/em>: au conditionnel pr\u00e9sent<\/h3>\n\n\n\n<ul class=\"wp-block-list\"><li><em>Si j&rsquo;avais le temps ce weekend,<strong> j&rsquo;irais<\/strong> te voir  <\/em>\u2192 La structure <strong>si + imparfait + conditionnel pr\u00e9sent <\/strong>exprime une possibilit\u00e9 soumise \u00e0 une condition : il est possible que j&rsquo;aille te voir.<\/li><\/ul>\n\n\n\n<h3 class=\"wp-block-heading\">L&rsquo;id\u00e9e de <em>politesse <\/em>: au conditionnel pr\u00e9sent<\/h3>\n\n\n\n<ul class=\"wp-block-list\"><li><strong><em>Je voudrais <\/em><\/strong><em>un caf\u00e9<\/em> \u2192 l&rsquo;utilisation du <em><strong>conditionnel pr\u00e9sent<\/strong><\/em> pour demander quelque chose att\u00e9nue la force de la demande : <em><strong>Je veux <\/strong>un caf\u00e9<\/em>.<\/li><li><em><strong>Tu pourrais <\/strong>me passer le sel <\/em><strong><em>?<\/em><\/strong> <em><strong>Tu serais <\/strong>d&rsquo;accord pour venir plus t\u00f4t ?<\/em> \u2192 Tu peux bien s\u00fbr utiliser d&rsquo;autres verbes que <em><strong>vouloir<\/strong><\/em>&#8230;<\/li><li><strong><em>Vous N&rsquo;auriez PAS <\/em><\/strong><em>une chambre avec vue sur mer ? <\/em>\u2192 On peut exprimer une demande au conditionnel ET \u00e0 la forme n\u00e9gative pour encore plus de d\u00e9licatesse, de politesse&#8230; C&rsquo;est assez banal en fran\u00e7ais.<\/li><\/ul>\n\n\n<div class=\"wp-block-image\">\n<figure class=\"aligncenter size-large is-resized\"><img loading=\"lazy\" decoding=\"async\" src=\"http:\/\/www.chez-prisc-chris.com\/blog\/wp-content\/uploads\/2022\/08\/magic-wand-ga2bb6a742_1280-1024x681.jpg\" alt=\"\" class=\"wp-image-1191\" width=\"291\" height=\"193\" srcset=\"http:\/\/www.chez-prisc-chris.com\/blog\/wp-content\/uploads\/2022\/08\/magic-wand-ga2bb6a742_1280-1024x681.jpg 1024w, http:\/\/www.chez-prisc-chris.com\/blog\/wp-content\/uploads\/2022\/08\/magic-wand-ga2bb6a742_1280-300x199.jpg 300w, http:\/\/www.chez-prisc-chris.com\/blog\/wp-content\/uploads\/2022\/08\/magic-wand-ga2bb6a742_1280-768x511.jpg 768w, http:\/\/www.chez-prisc-chris.com\/blog\/wp-content\/uploads\/2022\/08\/magic-wand-ga2bb6a742_1280.jpg 1280w\" sizes=\"auto, (max-width: 291px) 100vw, 291px\" \/><\/figure>\n<\/div>\n\n\n<h3 class=\"wp-block-heading\">L&rsquo;id\u00e9e de <em>souhait<\/em>, de <em>d\u00e9sir <\/em>: au conditionnel pr\u00e9sent<\/h3>\n\n\n\n<ul class=\"wp-block-list\"><li><em><strong>J&rsquo;aimerais<\/strong> faire le tour du monde en voilier.<\/em><\/li><li><em><strong>J&rsquo;irais bien<\/strong> au cin\u00e9ma ce soir.<\/em><\/li><li><em><strong>Je viendrais volontiers<\/strong> avec vous.<\/em><\/li><\/ul>\n\n\n\n<h3 class=\"wp-block-heading\">L&rsquo;id\u00e9e de <em>conseil <\/em>: au conditionnel pr\u00e9sent<\/h3>\n\n\n\n<ul class=\"wp-block-list\"><li><em><strong>Tu pourrais<\/strong> leur poser la question \u2192 <strong>pouvoir <\/strong><\/em>au conditionnel insiste sur l&rsquo;id\u00e9e de possibilit\u00e9.<\/li><li><em>Si j&rsquo;\u00e9tais toi, <strong>je leur poserais<\/strong> la question \u2192 <\/em>m\u00eame id\u00e9e que la phrase pr\u00e9c\u00e9dente.<\/li><li><em>Moi, \u00e0 votre place, je <strong><em><strong>leur poserais<\/strong> la question \u2192 <\/em><\/strong><\/em>m\u00eame id\u00e9e que la phrase pr\u00e9c\u00e9dente.<\/li><li><em><strong>Vous devriez <\/strong>prendre des cours avec Priscilla \u2192 <strong>devoir <\/strong><\/em>au conditionnel est plus directif que <em><strong>pouvoir<\/strong>,<\/em> c&rsquo;est un conseil \u00ab\u00a0plus muscl\u00e9\u00a0\u00bb !<\/li><li><em><strong>Il vaudrait mieux<\/strong> consulter un m\u00e9decin<\/em> \u2192 l&rsquo;expression <em><strong>Il vaudrait mieux<\/strong><\/em> <strong><em>+ infinitif<\/em><\/strong>, <em><strong>Il vaudrait mieux<\/strong><\/em> <strong><em>que + subjonctif<\/em><\/strong> insiste sur l&rsquo;id\u00e9e de conseil, de recommandation.<\/li><li><em><strong>Tu ferais bien de <\/strong>consulter un m\u00e9decin<\/em> \u2192 m\u00eame id\u00e9e avec la structure <em><strong>Tu ferais bien de + infinitif <\/strong><\/em>ou <strong><em>Tu ferais mieux de + infinitif<\/em><\/strong>.<\/li><\/ul>\n\n\n\n<h3 class=\"wp-block-heading\">L&rsquo;id\u00e9e de <em>proposition<\/em> : au conditionnel pr\u00e9sent<\/h3>\n\n\n\n<ul class=\"wp-block-list\"><li><strong><em>\u00c7a te dirait de <\/em><\/strong><em>venir d\u00eener chez nous demain ?<\/em> \u2192 <strong><em>\u00c7a te dirait de + infinitif ; \u00c7a te dirait que + subjonctif <\/em><\/strong>est une mani\u00e8re de proposer quelque chose \u00e0 quelqu&rsquo;un.<\/li><li><strong><em>Pourquoi tu ne prendrais pas <\/em><\/strong><em>un taxi ?<\/em> \u2192 <strong><em>Pourquoi + verbe au conditionnel n\u00e9gatif <\/em><\/strong>est une mani\u00e8re de proposer quelque chose \u00e0 quelqu&rsquo;un.<\/li><li><em><strong>Tu pourrais habiter <\/strong>avec nous.<\/em> <\/li><\/ul>\n\n\n\n<h3 class=\"wp-block-heading\">L&rsquo;id\u00e9e de <em>r\u00eave, <\/em>de<em> vie imaginaire<\/em><\/h3>\n\n\n\n<ul class=\"wp-block-list\"><li><strong><em>On vivrait <\/em><\/strong>d&rsquo;amour et d&rsquo;eau fra\u00eeche,<strong><em> on passerait <\/em><\/strong>nos journ\u00e9es \u00e0 l\u00e9zarder au soleil.<\/li><li><strong><em>Tu serais<\/em><\/strong> la reine, <strong><em>je serais<\/em><\/strong> le roi, <em><strong>on habiterait <\/strong><\/em>dans un grand ch\u00e2teau&#8230; \u2192 Et oui, quand les enfants fran\u00e7ais fixent les conditions d&rsquo;un jeu, ils utilisent le conditionnel !<\/li><\/ul>\n\n\n\n<h3 class=\"wp-block-heading\"><em>La rumeur, l&rsquo;information non v\u00e9rifi\u00e9e<\/em> : au conditionnel pr\u00e9sent<\/h3>\n\n\n<div class=\"wp-block-image\">\n<figure class=\"aligncenter size-large is-resized\"><img loading=\"lazy\" decoding=\"async\" src=\"http:\/\/www.chez-prisc-chris.com\/blog\/wp-content\/uploads\/2022\/08\/saeed-karimi-JrrWC7Qcmhs-unsplash-1024x819.jpg\" alt=\"\" class=\"wp-image-1193\" width=\"427\" height=\"341\" srcset=\"http:\/\/www.chez-prisc-chris.com\/blog\/wp-content\/uploads\/2022\/08\/saeed-karimi-JrrWC7Qcmhs-unsplash-1024x819.jpg 1024w, http:\/\/www.chez-prisc-chris.com\/blog\/wp-content\/uploads\/2022\/08\/saeed-karimi-JrrWC7Qcmhs-unsplash-300x240.jpg 300w, http:\/\/www.chez-prisc-chris.com\/blog\/wp-content\/uploads\/2022\/08\/saeed-karimi-JrrWC7Qcmhs-unsplash-768x614.jpg 768w, http:\/\/www.chez-prisc-chris.com\/blog\/wp-content\/uploads\/2022\/08\/saeed-karimi-JrrWC7Qcmhs-unsplash-1536x1229.jpg 1536w, http:\/\/www.chez-prisc-chris.com\/blog\/wp-content\/uploads\/2022\/08\/saeed-karimi-JrrWC7Qcmhs-unsplash-2048x1638.jpg 2048w\" sizes=\"auto, (max-width: 427px) 100vw, 427px\" \/><\/figure>\n<\/div>\n\n\n<ul class=\"wp-block-list\"><li><em>Incendie sur les collines ni\u00e7oises : des centaines d&rsquo;hectares <strong>seraient partis<\/strong> en fum\u00e9e.<\/em><\/li><li><em>Le Pr\u00e9sident fran\u00e7ais <strong>aurait<\/strong> une ma\u00eetresse <\/em>\u2192 En fait, cette rumeur s&rsquo;est av\u00e9r\u00e9e juste en ce qui concerne 3 des derniers Pr\u00e9sidents de la France : Fran\u00e7ois Mitterrand, Nicolas Sarkozy et Fran\u00e7ois Hollande ! NOTA BENE : L&#8217;emploi du<strong> conditionnel e<\/strong>st une <strong>arme fatale<\/strong> pour les <strong>journalistes<\/strong> fran\u00e7ais : ils peuvent \u00e9crire n&rsquo;importe quoi, tant qu&rsquo;ils \u00e9crivent au <strong>conditionne<\/strong>l, la personne incrimin\u00e9e ne pourra pas leur intenter de proc\u00e8s&#8230; Ils soulignent juste l&rsquo;id\u00e9e : <em>J&rsquo;ai entendu dire que<\/em> <em>L<\/em>e <em>Pr\u00e9sident fran\u00e7ais <strong>aurait<\/strong> une ma\u00eetresse, mais je n&rsquo;en suis pas s\u00fbr&#8230; <\/em>Pratique, non ?! <\/li><\/ul>\n\n\n\n<h3 class=\"wp-block-heading\">L&rsquo;id\u00e9e de <em>futur dans le pass\u00e9<\/em> : au conditionnel pr\u00e9sent<\/h3>\n\n\n\n<ul class=\"wp-block-list\"><li><em>Il m&rsquo;a dit qu&rsquo;<strong>ils passeraient <\/strong>sans doute \u00e0 Nice la semaine prochaine \u2192 <\/em>Cette phrase au <strong>style indirect <\/strong>remplace la phrase au <strong><strong>style direct <\/strong><\/strong> <em>: \u00ab\u00a0Ils passeront <em>sans doute <\/em>\u00e0 Nice la semaine prochaine\u00a0\u00bb<\/em>, <em>a-t-il dit<\/em>. Si le verbe est au <strong>futur simple<\/strong> <em>(Ils passeront sans doute \u00e0 Nice) <\/em>dans la phrase au <strong><strong>style direct<\/strong><\/strong>, il se met au <strong>conditionnel pr\u00e9sent <\/strong><em>(<strong>ils passeraient <\/strong>sans doute \u00e0 Nice) <\/em>dans la phrase au <strong>style indirect.<\/strong> <\/li><\/ul>\n\n\n\n<ul class=\"wp-block-list\"><li><em>Ils se sont rendu compte qu&rsquo;<strong>ils ne pourraient pas<\/strong> attraper leur avion \u2192 <\/em>Le <strong>contexte<\/strong> est au <strong>pass\u00e9 <\/strong>et il y a une <strong>chronologie<\/strong> entre les <strong>2 parties <\/strong>de la phrase : <strong>D&rsquo;ABORD<\/strong><em><strong> <\/strong>ils se rendent compte<\/em> et <strong>APR\u00c8S<\/strong>, <em>ils ne peuvent attraper leur avion.<\/em> Le conditionnel pr\u00e9sent est donc une <strong>id\u00e9e de futur dans un contexte au pass\u00e9.<\/strong><\/li><\/ul>\n\n\n\n<h3 class=\"wp-block-heading\">L&rsquo;id\u00e9e de <em>futur dans le pass\u00e9 <\/em>: au conditionnel pass\u00e9<\/h3>\n\n\n\n<ul class=\"wp-block-list\"><li><em>Elle m&rsquo;a promis qu&rsquo;elle m&rsquo;appellerait d\u00e8s qu&rsquo;<strong>elle serait arriv\u00e9e<\/strong><\/em>. <em>\u2192 <\/em>Cette phrase au <strong>style indirect <\/strong>remplace la phrase au <strong><strong>style direct <\/strong><\/strong> <em>: \u00ab\u00a0Je t&rsquo;appellerai d\u00e8s que je serai arriv\u00e9e\u00a0\u00bb<\/em>, <em>m&rsquo;a-t-elle promis<\/em>. Si le verbe est au <strong>futur ant\u00e9rieur<\/strong> <em>(d\u00e8s que je serai arriv\u00e9e) <\/em>dans la phrase au <strong><strong>style direct<\/strong><\/strong>, il se met au <strong>conditionnel pass\u00e9 <\/strong><em><strong>(d\u00e8s qu&rsquo;<strong>elle serait arriv\u00e9e<\/strong><\/strong>)<\/em> dans la phrase au <strong>style indirect.<\/strong> <\/li><\/ul>\n\n\n\n<h3 class=\"wp-block-heading\">L&rsquo;id\u00e9e d&rsquo;<em>hypoth\u00e8se irr\u00e9alisable <\/em>: au conditionnel pass\u00e9<\/h3>\n\n\n\n<ul class=\"wp-block-list\"><li><em>Si j&rsquo;avais eu le temps ce weekend,<strong> je serais all\u00e9e<\/strong> te voir  <\/em>\u2192 La structure <strong>si + plus-que-parfait + conditionnel pass\u00e9 <\/strong>exprime une impossibilit\u00e9 : <em>il est trop tard, je n&rsquo;ai pas eu le temps, je ne suis pas all\u00e9e te voir.<\/em><\/li><\/ul>\n\n\n\n<h3 class=\"wp-block-heading\">L&rsquo;id\u00e9e de <em>regret <\/em>: au conditionnel pass\u00e9<\/h3>\n\n\n\n<ul class=\"wp-block-list\"><li><em><strong>J&rsquo;aurais voulu <\/strong>\u00eatre pilote de F1<\/em>.<\/li><li><em><strong>Je n&rsquo;aurais pas d\u00fb<\/strong> leur poser cette question.<\/em><\/li><\/ul>\n\n\n\n<h3 class=\"wp-block-heading\">L&rsquo;id\u00e9e de <em>reproche <\/em>: au conditionnel pass\u00e9<\/h3>\n\n\n\n<ul class=\"wp-block-list\"><li><em>Vous <strong>auriez pu<\/strong> me pr\u00e9venir, quand m\u00eame !<\/em><\/li><li><em>Tu <strong>aurais d\u00fb<\/strong> \u00eatre ponctuel.<\/em><\/li><\/ul>\n\n\n\n<h3 class=\"wp-block-heading\"><em>La rumeur, l&rsquo;information non v\u00e9rifi\u00e9e<\/em> : au conditionnel pass\u00e9<\/h3>\n\n\n\n<ul class=\"wp-block-list\"><li><em>Fran\u00e7ois Mitterrand, ancien Pr\u00e9sident de la France, <strong>aurait eu <\/strong>une double vie<\/em> : <em>une ma\u00eetresse et une fille ill\u00e9gitime<\/em>. \u2192 On sait aujourd&rsquo;hui que ce n&rsquo;\u00e9tait pas une rumeur, mais la v\u00e9rit\u00e9 !<\/li><li><em>Les relations diplomatiques entre les deux pays <strong>auraient \u00e9t\u00e9 rompues.<\/strong><\/em><\/li><\/ul>\n\n\n\n<h2 class=\"wp-block-heading\">Pour conclure<\/h2>\n\n\n\n<p>Le mode conditionnel, avec les 2 temps conditionnel pr\u00e9sent et conditionnel pass\u00e9, est tr\u00e8s important dans la langue fran\u00e7aise. Il est employ\u00e9 dans de nombreuses situations diff\u00e9rentes et dans des niveaux de langue fort divers : tu peux parler dans un fran\u00e7ais de niveau extr\u00eamement soutenu et utiliser le conditionnel, ou dans un niveau super vulgaire !<\/p>\n\n\n\n<ul class=\"wp-block-list\"><li><em><strong>Je vous saurais gr\u00e9<\/strong> de bien vouloir me faire parvenir urgemment les documents que je vous ai demand\u00e9s il y a trois semaines<\/em> <em>\u2192 <\/em>Cette phrase de niveau soutenu, voire pr\u00e9cieux, signifie que la personne demande qu&rsquo;on lui envoie des documents.<\/li><\/ul>\n\n\n\n<ul class=\"wp-block-list\"><li><em>Putain, mais <strong>il aurait quand m\u00eame pu <\/strong>me filer 10 balles<\/em> <em>\u2192 <\/em>Cette phrase de niveau vulgaire signifie que la personne proteste parce que l&rsquo;autre ne lui a pas donn\u00e9 10 euros.<\/li><\/ul>\n\n\n\n<div class=\"wp-block-columns is-layout-flex wp-container-core-columns-is-layout-9d6595d7 wp-block-columns-is-layout-flex\">\n<div class=\"wp-block-column is-layout-flow wp-block-column-is-layout-flow\">\n<div class=\"wp-block-columns is-layout-flex wp-container-core-columns-is-layout-9d6595d7 wp-block-columns-is-layout-flex\">\n<div class=\"wp-block-column is-layout-flow wp-block-column-is-layout-flow\">\n<div class=\"wp-block-columns is-layout-flex wp-container-core-columns-is-layout-9d6595d7 wp-block-columns-is-layout-flex\">\n<div class=\"wp-block-column is-layout-flow wp-block-column-is-layout-flow\"><\/div>\n\n\n\n<div class=\"wp-block-column is-layout-flow wp-block-column-is-layout-flow\"><\/div>\n<\/div>\n<\/div>\n\n\n\n<div class=\"wp-block-column is-layout-flow wp-block-column-is-layout-flow\"><\/div>\n<\/div>\n<\/div>\n\n\n\n<div class=\"wp-block-column is-layout-flow wp-block-column-is-layout-flow\"><\/div>\n<\/div>\n\n\n\n<h2 class=\"wp-block-heading\"> <\/h2>\n","protected":false},"excerpt":{"rendered":"<p>Le conditionnel est une forme verbale super importante en fran\u00e7ais. Elle n&rsquo;est pas tr\u00e8s difficile \u00e0 construire quand tu suis quelques r\u00e8gles simples, et elle va te permettre d&rsquo;exprimer 1000 et une id\u00e9es diff\u00e9rentes ! Alors&#8230; Au boulot ! Lis cet article et tu sauras tout sur le conditionnel&#8230;<\/p>\n","protected":false},"author":2,"featured_media":1184,"comment_status":"open","ping_status":"open","sticky":false,"template":"","format":"standard","meta":{"_uag_custom_page_level_css":"","_kad_post_transparent":"","_kad_post_title":"","_kad_post_layout":"","_kad_post_sidebar_id":"","_kad_post_content_style":"","_kad_post_vertical_padding":"","_kad_post_feature":"","_kad_post_feature_position":"","_kad_post_header":false,"_kad_post_footer":false,"footnotes":""},"categories":[5],"tags":[],"class_list":["post-1169","post","type-post","status-publish","format-standard","has-post-thumbnail","hentry","category-grammaire-francaise"],"uagb_featured_image_src":{"full":["http:\/\/www.chez-prisc-chris.com\/blog\/wp-content\/uploads\/2022\/08\/Copie-de-Sans-titre-copie.png",1200,800,false],"thumbnail":["http:\/\/www.chez-prisc-chris.com\/blog\/wp-content\/uploads\/2022\/08\/Copie-de-Sans-titre-copie-150x150.png",150,150,true],"medium":["http:\/\/www.chez-prisc-chris.com\/blog\/wp-content\/uploads\/2022\/08\/Copie-de-Sans-titre-copie-300x200.png",300,200,true],"medium_large":["http:\/\/www.chez-prisc-chris.com\/blog\/wp-content\/uploads\/2022\/08\/Copie-de-Sans-titre-copie-768x512.png",768,512,true],"large":["http:\/\/www.chez-prisc-chris.com\/blog\/wp-content\/uploads\/2022\/08\/Copie-de-Sans-titre-copie-1024x683.png",1024,683,true],"hd_qu_size2":["http:\/\/www.chez-prisc-chris.com\/blog\/wp-content\/uploads\/2022\/08\/Copie-de-Sans-titre-copie.png",400,267,false],"1536x1536":["http:\/\/www.chez-prisc-chris.com\/blog\/wp-content\/uploads\/2022\/08\/Copie-de-Sans-titre-copie.png",1200,800,false],"2048x2048":["http:\/\/www.chez-prisc-chris.com\/blog\/wp-content\/uploads\/2022\/08\/Copie-de-Sans-titre-copie.png",1200,800,false]},"uagb_author_info":{"display_name":"Priscilla","author_link":"http:\/\/www.chez-prisc-chris.com\/blog\/author\/prisc\/"},"uagb_comment_info":1,"uagb_excerpt":"Le conditionnel est une forme verbale super importante en fran\u00e7ais. Elle n'est pas tr\u00e8s difficile \u00e0 construire quand tu suis quelques r\u00e8gles simples, et elle va te permettre d'exprimer 1000 et une id\u00e9es diff\u00e9rentes ! Alors... Au boulot ! Lis cet article et tu sauras tout sur le conditionnel...","_links":{"self":[{"href":"http:\/\/www.chez-prisc-chris.com\/blog\/wp-json\/wp\/v2\/posts\/1169","targetHints":{"allow":["GET"]}}],"collection":[{"href":"http:\/\/www.chez-prisc-chris.com\/blog\/wp-json\/wp\/v2\/posts"}],"about":[{"href":"http:\/\/www.chez-prisc-chris.com\/blog\/wp-json\/wp\/v2\/types\/post"}],"author":[{"embeddable":true,"href":"http:\/\/www.chez-prisc-chris.com\/blog\/wp-json\/wp\/v2\/users\/2"}],"replies":[{"embeddable":true,"href":"http:\/\/www.chez-prisc-chris.com\/blog\/wp-json\/wp\/v2\/comments?post=1169"}],"version-history":[{"count":17,"href":"http:\/\/www.chez-prisc-chris.com\/blog\/wp-json\/wp\/v2\/posts\/1169\/revisions"}],"predecessor-version":[{"id":1427,"href":"http:\/\/www.chez-prisc-chris.com\/blog\/wp-json\/wp\/v2\/posts\/1169\/revisions\/1427"}],"wp:featuredmedia":[{"embeddable":true,"href":"http:\/\/www.chez-prisc-chris.com\/blog\/wp-json\/wp\/v2\/media\/1184"}],"wp:attachment":[{"href":"http:\/\/www.chez-prisc-chris.com\/blog\/wp-json\/wp\/v2\/media?parent=1169"}],"wp:term":[{"taxonomy":"category","embeddable":true,"href":"http:\/\/www.chez-prisc-chris.com\/blog\/wp-json\/wp\/v2\/categories?post=1169"},{"taxonomy":"post_tag","embeddable":true,"href":"http:\/\/www.chez-prisc-chris.com\/blog\/wp-json\/wp\/v2\/tags?post=1169"}],"curies":[{"name":"wp","href":"https:\/\/api.w.org\/{rel}","templated":true}]}}