{"id":1058,"date":"2022-08-08T02:09:01","date_gmt":"2022-08-08T00:09:01","guid":{"rendered":"http:\/\/www.chez-prisc-chris.com\/blog\/?p=1058"},"modified":"2022-11-13T18:23:00","modified_gmt":"2022-11-13T17:23:00","slug":"etre-un-verbe-multifonctions","status":"publish","type":"post","link":"http:\/\/www.chez-prisc-chris.com\/blog\/etre-un-verbe-multifonctions\/","title":{"rendered":"\u00caTRE, un verbe multifonctions&#8230;"},"content":{"rendered":"\n<p>Le verbe <strong><em>\u00eatre<\/em><\/strong> est omnipr\u00e9sent dans la langue fran\u00e7aise : c&rsquo;est <strong>l&rsquo;un des verbes fran\u00e7ais<\/strong> les plus <strong>utilis\u00e9s<\/strong>, que ce soit \u00e0 l&rsquo;<strong>\u00e9crit<\/strong> qu&rsquo;\u00e0 l&rsquo;<strong>oral<\/strong>, dans une <strong>langue soutenue<\/strong> ou <strong>famili\u00e8re<\/strong>. En fait, <strong><em>\u00eatre<\/em><\/strong> figure dans la <strong>liste des 10 verbes les plus utilis\u00e9s <\/strong>du fran\u00e7ais, avec <em>avoir, faire, dire, aller, voir, savoir, pouvoir, falloir<\/em>&nbsp;et&nbsp;<em>pouvoir.<\/em><\/p>\n\n\n\n<figure class=\"wp-block-table\"><table class=\"has-background\" style=\"background-color:#d8e7c1\"><tbody><tr><td> \ud83d\udccc <strong>Dans cet article, nous ferons le point sur :<\/strong><br><br>&#8211; l&rsquo;utilisation du verbe <strong><em>\u00eatre<\/em><\/strong> dans diff\u00e9rents contextes lexicaux,<br>&#8211; l&rsquo;utilisation du verbe <strong><em>\u00eatre<\/em><\/strong> dans des expressions famili\u00e8res,<br>&#8211; l&#8217;emploi du verbe <strong><em>\u00eatre<\/em><\/strong> comme auxiliaire pour former des temps compos\u00e9s,<br>&#8211; l&#8217;emploi du verbe <strong><em>\u00eatre<\/em><\/strong> comme auxiliaire pour former 2 expressions verbales,<br>&#8211; l&#8217;emploi du verbe <strong><em>\u00eatre<\/em><\/strong> comme auxiliaire pour former le passif.<\/td><\/tr><\/tbody><\/table><\/figure>\n\n\n\n<h2 class=\"wp-block-heading\">1 &#8211; Le verbe <em>\u00eatre<\/em>, diff\u00e9rentes contextes <\/h2>\n\n\n\n<h3 class=\"wp-block-heading\">Le verbe <strong><em>\u00eatre<\/em><\/strong> s&rsquo;utilise avec un adjectif :<\/h3>\n\n\n\n<ul class=\"has-theme-palette-1-color has-text-color wp-block-list\"><li><em>Sa maison <strong>est<\/strong> immense.<\/em><\/li><li><em>Mes amis <strong>sont<\/strong> c\u00e9libataires.<\/em><\/li><li><em>Vous <strong>\u00eates<\/strong> parisiennes ?<\/em><\/li><li><em>Ils <strong>ont \u00e9t\u00e9<\/strong> bien fatigu\u00e9s.<\/em><\/li><\/ul>\n\n\n\n<h3 class=\"wp-block-heading\">Le verbe <strong><em>\u00eatre<\/em><\/strong> s&rsquo;utilise avec un adverbe :<\/h3>\n\n\n\n<ul class=\"has-theme-palette-1-color has-text-color wp-block-list\"><li><em>Ils <strong>sont<\/strong> dehors, on <strong>est<\/strong> dedans.<\/em><\/li><li><em>Il <strong>est<\/strong> trop t\u00f4t, il <strong>est<\/strong> tr\u00e8s tard.<\/em><\/li><li><em>Ce <strong>sera<\/strong> bien.<\/em><\/li><li><em>C&rsquo;<strong>\u00e9tait<\/strong> beaucoup.<\/em><\/li><\/ul>\n\n\n\n<h4 class=\"wp-block-heading\">Si tu veux \u00eatre s\u00fbr de ne pas faire d&rsquo;erreur quand tu conjugues le verbe \u00eatre, je te recommande le cours de Christian sur&#8230;<\/h4>\n\n\n\n \n\n\n\n<h3 class=\"wp-block-heading\">Le verbe <strong><em>\u00eatre<\/em><\/strong> s&rsquo;utilise avec un nom :<\/h3>\n\n\n\n<ul class=\"has-theme-palette-1-color has-text-color wp-block-list\"><li><em>Je <strong>suis<\/strong> professeur de fran\u00e7ais pour les \u00e9trangers. <\/em><\/li><li><em>C&rsquo;<strong>\u00e9tait<\/strong> un jeune homme charmant.<\/em><\/li><li><em>Florence <strong>est<\/strong> ma meilleure amie.<\/em><\/li><li><em>Ma ni\u00e8ce <strong>est<\/strong> ceinture noire de karat\u00e9.<\/em><\/li><\/ul>\n\n\n\n<h3 class=\"wp-block-heading\">Le verbe <strong><em>\u00eatre<\/em><\/strong> s&rsquo;utilise pour exprimer l&rsquo;heure et la date<\/h3>\n\n\n\n<ul class=\"has-theme-palette-1-color has-text-color wp-block-list\"><li><em>Quelle heure <strong>est<\/strong>-il ? Il <strong>est<\/strong> trois heures et quart. C&rsquo;<strong>est<\/strong> midi et demi.<\/em><\/li><li><em>Quel jour <strong>sommes<\/strong>-nous ? Nous <strong>sommes<\/strong> le 8 ao\u00fbt.<\/em><\/li><li><em>On <strong>est<\/strong> quel jour ? On <strong>est<\/strong> le 8.<\/em><\/li><\/ul>\n\n\n\n<h3 class=\"wp-block-heading\">Le verbe <strong><em>\u00eatre<\/em><\/strong> <strong><em>+ de<\/em><\/strong> s&rsquo;utilise pour exprimer la provenance<\/h3>\n\n\n\n<ul class=\"has-theme-palette-1-color has-text-color wp-block-list\"><li><em>D&rsquo;o\u00f9 <strong>\u00eates<\/strong>-vous ? On <strong>est<\/strong> de Nice.<\/em><\/li><li><em>Tu <strong>es<\/strong> d&rsquo;o\u00f9 ? Je <strong>suis<\/strong> du sud de la France.<\/em><\/li><\/ul>\n\n\n\n<h3 class=\"wp-block-heading\">Le verbe <strong><em>\u00eatre<\/em><\/strong> s&rsquo;utilise pour exprimer la possession, l&rsquo;appartenance<\/h3>\n\n\n<div class=\"wp-block-image\">\n<figure class=\"aligncenter size-large is-resized\"><img loading=\"lazy\" decoding=\"async\" src=\"http:\/\/www.chez-prisc-chris.com\/blog\/wp-content\/uploads\/2022\/08\/closeup-shot-of-curious-pug-on-gray-wall-1024x683.jpg\" alt=\"\u00c0 qui est ce chien ? Pour poser la question sur l'appartenance, on utilise le verbe &quot;\u00eatre&quot;.\" class=\"wp-image-1066\" width=\"539\" height=\"359\" srcset=\"http:\/\/www.chez-prisc-chris.com\/blog\/wp-content\/uploads\/2022\/08\/closeup-shot-of-curious-pug-on-gray-wall-1024x683.jpg 1024w, http:\/\/www.chez-prisc-chris.com\/blog\/wp-content\/uploads\/2022\/08\/closeup-shot-of-curious-pug-on-gray-wall-300x200.jpg 300w, http:\/\/www.chez-prisc-chris.com\/blog\/wp-content\/uploads\/2022\/08\/closeup-shot-of-curious-pug-on-gray-wall-768x512.jpg 768w, http:\/\/www.chez-prisc-chris.com\/blog\/wp-content\/uploads\/2022\/08\/closeup-shot-of-curious-pug-on-gray-wall-1536x1024.jpg 1536w, http:\/\/www.chez-prisc-chris.com\/blog\/wp-content\/uploads\/2022\/08\/closeup-shot-of-curious-pug-on-gray-wall-2048x1365.jpg 2048w\" sizes=\"auto, (max-width: 539px) 100vw, 539px\" \/><\/figure>\n<\/div>\n\n\n<ul class=\"has-theme-palette-1-color has-text-color wp-block-list\"><li><em>\u00c0 qui <strong>est<\/strong> ce chien ? Il <strong>est<\/strong> \u00e0 moi.<\/em><\/li><li><em>Ces lunettes <strong>sont<\/strong> \u00e0 qui ? Elles <strong>sont<\/strong> \u00e0 ma fille.<\/em><\/li><\/ul>\n\n\n\n<h2 class=\"wp-block-heading\">2 &#8211; Des expressions famili\u00e8res avec le verbe <em>\u00eatre<\/em><\/h2>\n\n\n\n<ul class=\"wp-block-list\"><li><em>\u00ab\u00a0Max <strong>est<\/strong> \u00e0 d\u00e9couvert\u00a0\u00bb <\/em>: Max est en n\u00e9gatif sur son compte en banque. On dit aussi : <em>\u00ab\u00a0Max <strong>est<\/strong> dans le rouge\u00a0\u00bb.<\/em><\/li><li><em>\u00ab\u00a0Tu <strong>es<\/strong> \u00e0 l&rsquo;heure\u00a0\u00bb <\/em>: la personne est ponctuelle. Le rendez-vous est \u00e0 9h, elle est l\u00e0 \u00e0 9h !<\/li><li><em>\u00ab\u00a0Mes enfants <strong>sont<\/strong> comme chiens et chats\u00a0\u00bb<\/em> : ils ne s&rsquo;entendent pas, ils se disputent tout le temps.<\/li><li><em>\u00ab\u00a0Nathalie <strong>est<\/strong> dans la gal\u00e8re\u00a0\u00bb<\/em> : Nathalie est dans une situation difficile.<\/li><li><em>\u00ab\u00a0Je ne <strong>suis<\/strong> pas dans mon assiette\u00a0\u00bb <\/em>: je ne me sens pas bien en ce moment, je suis peut-\u00eatre malade&#8230;<\/li><li><em>\u00ab\u00a0C&rsquo;<strong>est<\/strong> pas tes oignons !\u00a0\u00bb<\/em> : \u00e7a ne te regarde pas, c&rsquo;est personnel, \u00e7a&#8230; Tu te m\u00eales de tout !<\/li><li><em>\u00ab\u00a0\u00c7a y <strong>est<\/strong> !\u00a0\u00bb<\/em> : cette expression signifie que quelque chose est termin\u00e9e. Ma fille est dans la salle-de-bains depuis 30 minutes. Je lui demande : <em>\u00ab\u00a0\u00e7a y est ?\u00a0\u00bb<\/em> (tu as fini ?)<\/li><li><em>\u00ab\u00a0\u00c7a m&rsquo;<strong>est<\/strong> \u00e9gal !\u00a0\u00bb<\/em> : peu importe, je m&rsquo;en moque, \u00e7a m&rsquo;indiff\u00e8re.<\/li><\/ul>\n\n\n\n<h2 class=\"wp-block-heading\">3 &#8211; \u00catre, un verbe auxiliaire<\/h2>\n\n\n\n<p>Le verbe <strong><em>\u00eatre<\/em> <\/strong>est \u00e9galement utilis\u00e9 comme <strong>auxiliaire<\/strong>, c&rsquo;est-\u00e0-dire qu&rsquo;il va <strong>servir \u00e0 construire les temps compos\u00e9s de certains verbes<\/strong> :<\/p>\n\n\n\n<p>Comme tu le sais sans doute, le<strong> pass\u00e9 compos\u00e9 <\/strong>se forme <strong>en g\u00e9n\u00e9ral avec le verbe<\/strong> (l&rsquo;auxiliaire) <strong><em>avoir<\/em><\/strong> :<\/p>\n\n\n\n<ul class=\"wp-block-list\"><li><em>Ils <strong>ont<\/strong> d\u00e9jeun\u00e9 au restaurant.<\/em><\/li><li><em>J&rsquo;<strong>ai<\/strong> voyag\u00e9 en train.<\/em><\/li><\/ul>\n\n\n\n<h3 class=\"wp-block-heading\">L&rsquo;auxiliaire <strong><em>\u00eatre<\/em><\/strong> utilis\u00e9 dans 2 situations :<\/h3>\n\n\n\n<p>1) Tu dois utiliser l&rsquo;auxiliaire <strong><em>\u00eatre<\/em> <\/strong>pour <strong>former le pass\u00e9 compos\u00e9 des verbes suivants<\/strong> : <em><strong>monter, rester, mourir, retourner, sortir, venir, aller, naitre, descendre, entrer, tomber, arriver, passer, partir.<\/strong><\/em><\/p>\n\n\n\n<p>\ud83d\udca1 Si tu veux les <strong>m\u00e9moriser<\/strong> facilement, j&rsquo;ai un <strong>truc<\/strong> \u00e0 te proposer : <strong><em>Mr &amp; Mrs Vandetapp<\/em><\/strong>. <\/p>\n\n\n<div class=\"wp-block-image\">\n<figure class=\"aligncenter size-large is-resized\"><img loading=\"lazy\" decoding=\"async\" src=\"http:\/\/www.chez-prisc-chris.com\/blog\/wp-content\/uploads\/2022\/08\/E\u0302tre-1024x683.jpg\" alt=\"Un syst\u00e8me pour te souvenir des verbes qui se forment avec &quot;\u00eatre&quot; au pass\u00e9 compos\u00e9 ?\" class=\"wp-image-1068\" width=\"530\" height=\"353\" srcset=\"http:\/\/www.chez-prisc-chris.com\/blog\/wp-content\/uploads\/2022\/08\/E\u0302tre-1024x683.jpg 1024w, http:\/\/www.chez-prisc-chris.com\/blog\/wp-content\/uploads\/2022\/08\/E\u0302tre-300x200.jpg 300w, http:\/\/www.chez-prisc-chris.com\/blog\/wp-content\/uploads\/2022\/08\/E\u0302tre-768x512.jpg 768w, http:\/\/www.chez-prisc-chris.com\/blog\/wp-content\/uploads\/2022\/08\/E\u0302tre.jpg 1200w\" sizes=\"auto, (max-width: 530px) 100vw, 530px\" \/><\/figure>\n<\/div>\n\n\n<p>Chaque verbe conjugu\u00e9 avec <strong><em>\u00eatre<\/em> au pass\u00e9 compos\u00e9<\/strong> commence par une <strong>initiale<\/strong> du nom <strong><em>Mr &amp; Mrs Vandetapp<\/em><\/strong> : M comme <strong><em>monter<\/em><\/strong>, R comme <em><strong>rester<\/strong><\/em>, etc. <\/p>\n\n\n\n<p>Voil\u00e0 donc <strong>14 verbes conjugu\u00e9s avec<\/strong> <strong><em>\u00eatre<\/em><\/strong>, et tu rajoutes \u00e0 cette liste <strong>3 autres verbes<\/strong> : <strong><em>devenir, revenir<\/em><\/strong> (comme <strong><em>venir<\/em><\/strong>) et <em><strong>rentrer <\/strong><\/em>(comme <em><strong>entrer<\/strong><\/em>).<\/p>\n\n\n\n<p>2) Tu dois utiliser l&rsquo;auxiliaire <strong><em>\u00eatre<\/em> <\/strong>pour <strong>former le pass\u00e9 compos\u00e9 des verbes <em>pronominaux <\/em><\/strong>: <strong><em>se lever, se regarder, s&rsquo;aimer&#8230;<\/em><\/strong> sont des verbes pronominaux. Au pass\u00e9 compos\u00e9, on dira : <\/p>\n\n\n\n<ul class=\"wp-block-list\"><li><em>On s&rsquo;<strong>est<\/strong> lev\u00e9s tard.<\/em><\/li><li><em>Je me <strong>suis<\/strong> regard\u00e9e dans le miroir.<\/em><\/li><li><em>Ils se <strong>sont<\/strong> aim\u00e9s pendant toute leur vie.<\/em><\/li><\/ul>\n\n\n\n<p>\ud83d\udca1 Les exemples que je t&rsquo;ai donn\u00e9s concernent le <strong>pass\u00e9 compos\u00e9.<\/strong> Mais tu retrouveras la<strong> m<em>\u00ea<\/em>me situation avec d&rsquo;autres temps compos\u00e9s : <\/strong><\/p>\n\n\n\n<ul class=\"wp-block-list\"><li><strong>Le plus-que-parfait &nbsp;\u27a8<\/strong><em> On <strong>s&rsquo;\u00e9tait <\/strong>couch\u00e9s \u00e0 4h du matin.<\/em><\/li><li><strong>Le futur ant\u00e9rieur &nbsp;\u27a8 <\/strong><em>Quand ils <strong>seront<\/strong> arriv\u00e9s, ils nous t\u00e9l\u00e9phoneront.<\/em><\/li><li><strong>Le conditionnel pass\u00e9 &nbsp;\u27a8 <\/strong><em>Si j&rsquo;avais pris un taxi, je n&rsquo;aurais pas <strong>\u00e9t\u00e9<\/strong> en retard.<\/em><\/li><li><strong>Le subjonctif pass\u00e9 \u27a8 <\/strong><em>Je regrette que vous ne <strong>soyez<\/strong> pas venus.<\/em><\/li><li><strong>L&rsquo;infinitif pass\u00e9&nbsp;\u27a8 <\/strong><em>Je regrette de n&rsquo;<strong>\u00eatre <\/strong>pas venue.<\/em><\/li><\/ul>\n\n\n\n<h2 class=\"wp-block-heading\">4 &#8211; <em>\u00catre<\/em>, un verbe auxiliaire pour former 2 expressions verbales <\/h2>\n\n\n\n<p>1) <em>Mon p\u00e8re <strong>est<\/strong> en train de faire la sieste<\/em> : <strong><em>\u00eatre en train de + infinitif <\/em><\/strong>insiste sur l&rsquo;id\u00e9e d&rsquo;une <strong><em>action pr\u00e9sente qui se d\u00e9roule en ce moment<\/em><\/strong>.<\/p>\n\n\n\n<p>2) <em>On <strong>est<\/strong> sur le point de partir<\/em> : <strong><em>\u00eatre sur le point de + infinitif <\/em><\/strong>exprime un <strong><em>futur imm\u00e9diat<\/em><\/strong>. On n&rsquo;est pas encore partis, mais on le sera d&rsquo;ici quelques minutes.<\/p>\n\n\n\n<h2 class=\"wp-block-heading\">5 &#8211; <em>\u00catre<\/em>, un verbe auxiliaire pour former la voix passive<\/h2>\n\n\n\n<p><img loading=\"lazy\" decoding=\"async\" src=\"https:\/\/lh4.googleusercontent.com\/peDuZQGnuapqAIN0DxQLGolaL21HxX00m3YqNwBqsEpJQERjX3Qa0xem3KjTCmol73hsAL6nQ5e7LM1k8q5lKxxo1WH83vue8sHICI7btNFc9W7M-mDnMLYJwLaLhcfvXYhOfH_wOqxkeoEoL0vlnQ\" width=\"48\" height=\"44\">  Pour pouvoir transformer un verbe <strong>de la voix active \u00e0 la voix passive<\/strong>, tu dois avoir une phrase construite sur le mod\u00e8le suivant <strong>\u27a8 sujet + verbe + compl\u00e9ment d&rsquo;objet direct<\/strong>. Par exemple :<\/p>\n\n\n\n<ul class=\"wp-block-list\"><li><em>Anne <strong>pr\u00e9pare <\/strong>le repas <\/em>&nbsp;(Pr\u00e9sent actif) \u27a8 <em>Le repas <strong>est<\/strong> <strong>pr\u00e9par\u00e9<\/strong> par Anne<\/em> (Pr\u00e9sent passif)<\/li><li><em>Franck <strong>a cass\u00e9<\/strong> la lampe<\/em>&nbsp;(Pass\u00e9 compos\u00e9 actif)\u27a8 <em>La lampe <strong>a \u00e9t\u00e9 cass\u00e9e<\/strong> par <em>Franck <\/em><\/em>(Pass\u00e9 compos\u00e9 passif)<\/li><li><em>L&rsquo;entreprise <strong>va embaucher<\/strong> de nouveaux salari\u00e9<\/em>s (Futur proche actif)&nbsp;\u27a8 <em>De nouveaux salari\u00e9s <strong>vont \u00eatre embauch\u00e9s<\/strong><\/em> (Futur proche passif).<\/li><li><em>Je voudrais que ton fr\u00e8re <strong>fasses<\/strong> la vaisselle<\/em> (subjonctif actif) <strong>\u27a8<em> <\/em><\/strong><em>Je voudrais que la vaisselle <strong>soit faite<\/strong> par ton fr\u00e8re<\/em> (subjonctif passif)<\/li><\/ul>\n\n\n\n<p>Comme tu le vois dans les exemples ci-dessus, pour transformer un verbe au passif, tu dois conjuguer <strong><em>\u00eatre<\/em><\/strong> au <strong>temps du verbe actif<\/strong> et ajouter un <strong>participe pass\u00e9<\/strong>.<\/p>\n\n\n\n<ul class=\"wp-block-list\"><li><em>&#8230; <strong>est<\/strong> pr\u00e9par\u00e9&#8230;<\/em><\/li><li><em>&#8230; a <strong>\u00e9t\u00e9<\/strong> cass\u00e9e&#8230;<\/em><\/li><li><em>&#8230; vont <strong>\u00eatre<\/strong> embauch\u00e9s..<\/em>.<\/li><\/ul>\n\n\n\n<p><\/p>\n","protected":false},"excerpt":{"rendered":"<p>Le verbe \u00ab\u00a0\u00eatre\u00a0\u00bb fait partie des 10 verbes les plus utilis\u00e9s en fran\u00e7ais. Tu vas le rencontrer dans des contextes tr\u00e8s diff\u00e9rents, \u00e0 l&rsquo;\u00e9crit, comme \u00e0 l&rsquo;oral. C&rsquo;est aussi un auxiliaire qui te permettra de construire de nombreuses formes  verbales en fran\u00e7ais. Un verbe multifonctions, donc !<\/p>\n","protected":false},"author":2,"featured_media":1070,"comment_status":"open","ping_status":"open","sticky":false,"template":"","format":"standard","meta":{"_uag_custom_page_level_css":"","_kad_post_transparent":"","_kad_post_title":"","_kad_post_layout":"","_kad_post_sidebar_id":"","_kad_post_content_style":"","_kad_post_vertical_padding":"","_kad_post_feature":"","_kad_post_feature_position":"","_kad_post_header":false,"_kad_post_footer":false,"footnotes":""},"categories":[5],"tags":[],"class_list":["post-1058","post","type-post","status-publish","format-standard","has-post-thumbnail","hentry","category-grammaire-francaise"],"uagb_featured_image_src":{"full":["http:\/\/www.chez-prisc-chris.com\/blog\/wp-content\/uploads\/2022\/08\/E\u0302tre-1.jpg",1200,800,false],"thumbnail":["http:\/\/www.chez-prisc-chris.com\/blog\/wp-content\/uploads\/2022\/08\/E\u0302tre-1-150x150.jpg",150,150,true],"medium":["http:\/\/www.chez-prisc-chris.com\/blog\/wp-content\/uploads\/2022\/08\/E\u0302tre-1-300x200.jpg",300,200,true],"medium_large":["http:\/\/www.chez-prisc-chris.com\/blog\/wp-content\/uploads\/2022\/08\/E\u0302tre-1-768x512.jpg",768,512,true],"large":["http:\/\/www.chez-prisc-chris.com\/blog\/wp-content\/uploads\/2022\/08\/E\u0302tre-1-1024x683.jpg",1024,683,true],"hd_qu_size2":["http:\/\/www.chez-prisc-chris.com\/blog\/wp-content\/uploads\/2022\/08\/E\u0302tre-1.jpg",400,267,false],"1536x1536":["http:\/\/www.chez-prisc-chris.com\/blog\/wp-content\/uploads\/2022\/08\/E\u0302tre-1.jpg",1200,800,false],"2048x2048":["http:\/\/www.chez-prisc-chris.com\/blog\/wp-content\/uploads\/2022\/08\/E\u0302tre-1.jpg",1200,800,false]},"uagb_author_info":{"display_name":"Priscilla","author_link":"http:\/\/www.chez-prisc-chris.com\/blog\/author\/prisc\/"},"uagb_comment_info":0,"uagb_excerpt":"Le verbe \"\u00eatre\" fait partie des 10 verbes les plus utilis\u00e9s en fran\u00e7ais. Tu vas le rencontrer dans des contextes tr\u00e8s diff\u00e9rents, \u00e0 l'\u00e9crit, comme \u00e0 l'oral. C'est aussi un auxiliaire qui te permettra de construire de nombreuses formes verbales en fran\u00e7ais. Un verbe multifonctions, donc !","_links":{"self":[{"href":"http:\/\/www.chez-prisc-chris.com\/blog\/wp-json\/wp\/v2\/posts\/1058","targetHints":{"allow":["GET"]}}],"collection":[{"href":"http:\/\/www.chez-prisc-chris.com\/blog\/wp-json\/wp\/v2\/posts"}],"about":[{"href":"http:\/\/www.chez-prisc-chris.com\/blog\/wp-json\/wp\/v2\/types\/post"}],"author":[{"embeddable":true,"href":"http:\/\/www.chez-prisc-chris.com\/blog\/wp-json\/wp\/v2\/users\/2"}],"replies":[{"embeddable":true,"href":"http:\/\/www.chez-prisc-chris.com\/blog\/wp-json\/wp\/v2\/comments?post=1058"}],"version-history":[{"count":14,"href":"http:\/\/www.chez-prisc-chris.com\/blog\/wp-json\/wp\/v2\/posts\/1058\/revisions"}],"predecessor-version":[{"id":2014,"href":"http:\/\/www.chez-prisc-chris.com\/blog\/wp-json\/wp\/v2\/posts\/1058\/revisions\/2014"}],"wp:featuredmedia":[{"embeddable":true,"href":"http:\/\/www.chez-prisc-chris.com\/blog\/wp-json\/wp\/v2\/media\/1070"}],"wp:attachment":[{"href":"http:\/\/www.chez-prisc-chris.com\/blog\/wp-json\/wp\/v2\/media?parent=1058"}],"wp:term":[{"taxonomy":"category","embeddable":true,"href":"http:\/\/www.chez-prisc-chris.com\/blog\/wp-json\/wp\/v2\/categories?post=1058"},{"taxonomy":"post_tag","embeddable":true,"href":"http:\/\/www.chez-prisc-chris.com\/blog\/wp-json\/wp\/v2\/tags?post=1058"}],"curies":[{"name":"wp","href":"https:\/\/api.w.org\/{rel}","templated":true}]}}